{"id":11002200,"date":"2015-11-09T12:02:25","date_gmt":"2015-11-09T12:02:25","guid":{"rendered":"https:\/\/www.upo.es\/diario\/?p=11002200"},"modified":"2015-11-09T13:33:39","modified_gmt":"2015-11-09T13:33:39","slug":"el-lunes-acto-de-apertura-de-la-primera-edicion-del-master-universitario-en-gestion-administrativa-de-la-upo","status":"publish","type":"post","link":"https:\/\/www.upo.es\/diario\/institucional\/2015\/11\/el-lunes-acto-de-apertura-de-la-primera-edicion-del-master-universitario-en-gestion-administrativa-de-la-upo\/","title":{"rendered":"Inaugurada la primera edici\u00f3n del m\u00e1ster universitario en Gesti\u00f3n Administrativa de la UPO"},"content":{"rendered":"<figure id=\"attachment_11031640\" aria-describedby=\"caption-attachment-11031640\" style=\"width: 600px\" class=\"wp-caption aligncenter\"><a href=\"https:\/\/www.upo.es\/diario\/wp-content\/uploads\/2015\/11\/inaug_masterGA0000.jpg\"><img loading=\"lazy\" decoding=\"async\" class=\"size-large wp-image-11031640\" alt=\"Inauguraci\u00f3n m\u00e1ster en Gesti\u00f3n Administrativa\" src=\"https:\/\/www.upo.es\/diario\/wp-content\/uploads\/2015\/11\/inaug_masterGA0000-600x400.jpg\" width=\"600\" height=\"400\" srcset=\"https:\/\/www.upo.es\/diario\/wp-content\/uploads\/2015\/11\/inaug_masterGA0000-600x400.jpg 600w, https:\/\/www.upo.es\/diario\/wp-content\/uploads\/2015\/11\/inaug_masterGA0000-320x213.jpg 320w\" sizes=\"auto, (max-width: 600px) 100vw, 600px\" \/><\/a><figcaption id=\"caption-attachment-11031640\" class=\"wp-caption-text\">De izq. a dcha: el director de m\u00e1ster Eduardo Gamero; el presidente del Consejo General de Colegios de Gestores Administrativos, Fernando Jes\u00fas Santiago; el rector de la UPO, Vicente Guzm\u00e1n; el decano de la Facultad de Derecho, Andr\u00e9s Rodr\u00edguez, y el presidente del Colegio Oficial de Gestores Administrativos de Sevilla, Miguel \u00c1ngel Pe\u00f3n.<\/figcaption><\/figure>\n<figure id=\"attachment_11031641\" aria-describedby=\"caption-attachment-11031641\" style=\"width: 320px\" class=\"wp-caption alignright\"><a href=\"https:\/\/www.upo.es\/diario\/wp-content\/uploads\/2015\/11\/inaug_masterGA0001.jpg\"><img loading=\"lazy\" decoding=\"async\" class=\"size-medium wp-image-11031641\" alt=\"Inauguraci\u00f3n del m\u00e1ster en Gesti\u00f3n Administrativa\" src=\"https:\/\/www.upo.es\/diario\/wp-content\/uploads\/2015\/11\/inaug_masterGA0001-320x293.jpg\" width=\"320\" height=\"293\" srcset=\"https:\/\/www.upo.es\/diario\/wp-content\/uploads\/2015\/11\/inaug_masterGA0001-320x293.jpg 320w, https:\/\/www.upo.es\/diario\/wp-content\/uploads\/2015\/11\/inaug_masterGA0001-600x550.jpg 600w\" sizes=\"auto, (max-width: 320px) 100vw, 320px\" \/><\/a><figcaption id=\"caption-attachment-11031641\" class=\"wp-caption-text\">Mar\u00eda Jes\u00fas Montoro Chiner, catedr\u00e1tica de Derecho Administrativo de la Universidad de Barcelona, ha impartido la conferencia inaugural.<\/figcaption><\/figure>\n<p>Este mediod\u00eda, en el Paraninfo de la Universidad Pablo de Olavide, ha tenido lugar el acto de apertura de la primera edici\u00f3n del m\u00e1ster universitario en Gesti\u00f3n Administrativa, con la lecci\u00f3n inaugural \u201cLuces y sombras de las nuevas leyes 39\/2015, del Procedimiento Administrativo Com\u00fan, y 40\/2015, de R\u00e9gimen Jur\u00eddico del Sector P\u00fablico\u201d impartida por Mar\u00eda Jes\u00fas Montoro Chiner, catedr\u00e1tica de Derecho Administrativo de la Universidad de Barcelona.<\/p>\n<p>El acto ha estado presidido por el rector de la UPO, Vicente Guzm\u00e1n Fluja, y ha contado con la participaci\u00f3n del presidente del Consejo General de Colegios de Gestores Administrativos, Fernando Jes\u00fas Santiago Ollero; el presidente del Colegio Oficial de Gestores Administrativos de Sevilla, Miguel \u00c1ngel Pe\u00f3n Riancho; el decano de la Facultad de Derecho, Andr\u00e9s Rodr\u00edguez Benot, y el director de m\u00e1ster Eduardo Gamero Casado, catedr\u00e1tico de Derecho Administrativo de la UPO.<\/p>\n<p>El <a href=\"https:\/\/www.upo.es\/postgrado\/Master-Oficial-Gestion-Administrativa\">m\u00e1ster en Gesti\u00f3n Administrativa<\/a> de la Universidad Pablo de Olavide es la \u00fanica oferta de estas caracter\u00edsticas en Andaluc\u00eda, y permitir\u00e1 acceder a la profesi\u00f3n de gestor administrativo sin necesidad de realizar las pruebas de acceso que cada a\u00f1o convoca el Ministerio de Hacienda y Administraciones P\u00fablicas. En la configuraci\u00f3n y puesta en marcha de esta nueva titulaci\u00f3n cuenta con la colaboraci\u00f3n del <a href=\"http:\/\/www.gestoressevilla.com\/\">Colegio Oficial de Gestores Administrativos de Sevilla<\/a> (COGAS), tanto para la impartici\u00f3n del m\u00e1ster, como para la organizaci\u00f3n de las pr\u00e1cticas en gestor\u00edas administrativas, y la colaboraci\u00f3n en actividades formativas extraacad\u00e9micas de inter\u00e9s com\u00fan.<\/p>\n","protected":false},"excerpt":{"rendered":"<p>Este mediod\u00eda, en el Paraninfo de la Universidad Pablo de Olavide, ha tenido lugar el acto de apertura de la primera edici\u00f3n del m\u00e1ster universitario en Gesti\u00f3n Administrativa, con la lecci\u00f3n inaugural \u201cLuces y sombras de las nuevas leyes 39\/2015, del Procedimiento Administrativo Com\u00fan, y 40\/2015, de R\u00e9gimen Jur\u00eddico del Sector P\u00fablico\u201d impartida por Mar\u00eda Jes\u00fas Montoro Chiner, catedr\u00e1tica de Derecho Administrativo de la Universidad de Barcelona.<\/p>\n","protected":false},"author":4,"featured_media":0,"comment_status":"closed","ping_status":"open","sticky":false,"template":"","format":"standard","meta":{"_monsterinsights_skip_tracking":false,"_monsterinsights_sitenote_active":false,"_monsterinsights_sitenote_note":"","_monsterinsights_sitenote_category":0,"footnotes":""},"categories":[6],"tags":[614,2738,2158,2737,82],"class_list":["post-11002200","post","type-post","status-publish","format-standard","hentry","category-institucional","tag-cedep","tag-cogas","tag-colegio-oficial-de-gestores-administrativos-de-sevilla","tag-master-en-gestion-administrativa","tag-postgrado"],"_links":{"self":[{"href":"https:\/\/www.upo.es\/diario\/wp-json\/wp\/v2\/posts\/11002200","targetHints":{"allow":["GET"]}}],"collection":[{"href":"https:\/\/www.upo.es\/diario\/wp-json\/wp\/v2\/posts"}],"about":[{"href":"https:\/\/www.upo.es\/diario\/wp-json\/wp\/v2\/types\/post"}],"author":[{"embeddable":true,"href":"https:\/\/www.upo.es\/diario\/wp-json\/wp\/v2\/users\/4"}],"replies":[{"embeddable":true,"href":"https:\/\/www.upo.es\/diario\/wp-json\/wp\/v2\/comments?post=11002200"}],"version-history":[{"count":12,"href":"https:\/\/www.upo.es\/diario\/wp-json\/wp\/v2\/posts\/11002200\/revisions"}],"predecessor-version":[{"id":11031660,"href":"https:\/\/www.upo.es\/diario\/wp-json\/wp\/v2\/posts\/11002200\/revisions\/11031660"}],"wp:attachment":[{"href":"https:\/\/www.upo.es\/diario\/wp-json\/wp\/v2\/media?parent=11002200"}],"wp:term":[{"taxonomy":"category","embeddable":true,"href":"https:\/\/www.upo.es\/diario\/wp-json\/wp\/v2\/categories?post=11002200"},{"taxonomy":"post_tag","embeddable":true,"href":"https:\/\/www.upo.es\/diario\/wp-json\/wp\/v2\/tags?post=11002200"}],"curies":[{"name":"wp","href":"https:\/\/api.w.org\/{rel}","templated":true}]}}