{"id":1103587,"date":"2013-06-27T14:00:37","date_gmt":"2013-06-27T14:00:37","guid":{"rendered":"https:\/\/www.upo.es\/diario\/?p=1103587"},"modified":"2013-06-28T08:05:54","modified_gmt":"2013-06-28T08:05:54","slug":"la-crue-ha-mostrado-hoy-al-ministerio-su-rechazo-al-proyecto-de-real-decreto-de-becas","status":"publish","type":"post","link":"https:\/\/www.upo.es\/diario\/institucional\/2013\/06\/la-crue-ha-mostrado-hoy-al-ministerio-su-rechazo-al-proyecto-de-real-decreto-de-becas\/","title":{"rendered":"La CRUE ha mostrado hoy al Ministerio su rechazo al proyecto de Real Decreto de Becas"},"content":{"rendered":"<p>Los rectores pertenecientes a la Comisi\u00f3n Permanente del Consejo de Universidades se han reunido hoy con representantes del Ministerio de\u00a0 Educaci\u00f3n, Cultura y Deporte, a los que les han trasladado, en nombre de la CRUE, su rechazo al proyecto de Real Decreto de becas. Los rectores han hecho las siguientes propuestas:<\/p>\n<ol>\n<li>El Gobierno deber\u00eda incrementar la dotaci\u00f3n de los presupuestos para becas y ayudas al estudio para asegurar su car\u00e1cter de derecho individual, tal como la Ley prev\u00e9, con el \u00fanico requisito del nivel de renta.<\/li>\n<li>En caso de no atender lo anterior, el Gobierno deber\u00eda prorrogar para el curso 2013-14 el RD actualmente vigente y abrir un proceso de di\u00e1logo y an\u00e1lisis riguroso para los cursos posteriores.<\/li>\n<li>En caso de no atender ninguna de las peticiones anteriores, el actual borrador de RD deber\u00eda ser modificado para restablecer la preeminencia de la renta como \u00fanico factor para el acceso a este derecho, muy en especial en lo que se refiere a la matr\u00edcula y aquellos componentes que resultan esenciales para disfrutar del derecho. Los requisitos acad\u00e9micos deben ser homog\u00e9neos para todos los estudiantes universitarios, con independencia de que sean beneficiarios de una beca o ayuda al estudio.<\/li>\n<\/ol>\n<p>La reuni\u00f3n, que ha sido presidida por el ministro, se ha desarrollado en un clima de di\u00e1logo. El Ministerio ha coincidido con la CRUE en la necesidad de incrementar los presupuestos para becas y ayudas al estudio y se ha comprometido a modificar la redacci\u00f3n del borrador de RD, de forma que los requisitos acad\u00e9micos para el disfrute de exenci\u00f3n de tasas, tanto para nuevo ingreso como para permanencia, sean los vigentes en el curso 2012-2013. Respecto al resto de componentes de las becas, el punto de partida del Ministerio es mantener los requisitos acad\u00e9micos del borrador. Los rectores han insistido en que \u00e9stos deben ser los mismos que los aplicables al precio de matr\u00edcula y que el requisito acad\u00e9mico exigido debe situarse en un 5, primando, en todo caso, los niveles de renta.<\/p>\n<p>El Ministerio se ha comprometido a analizar la propuesta y remitir a la CRUE un nuevo borrador. Tambi\u00e9n se ha comprometido a comenzar a trabajar con los rectores en la propuesta para el curso acad\u00e9mico 2014-2015.<\/p>\n<p><b>Consecuencias que tendr\u00eda la aplicaci\u00f3n del nuevo RD<\/b><\/p>\n<p>La aplicaci\u00f3n de los nuevos requisitos acad\u00e9micos, junto con el cambio de modelo en la asignaci\u00f3n econ\u00f3mica, puede conducir a un efecto excluyente y disuasorio tanto para el acceso como para la continuaci\u00f3n en los estudios superiores. Ello contradice lo establecido en el pre\u00e1mbulo del RD, que invoca el deber constitucional de garantizar la igualdad en el acceso a los estudios superiores. Va en contra de los colectivos m\u00e1s vulnerables en riesgo de exclusi\u00f3n, a los que se les exige un esfuerzo mucho mayor que a los dem\u00e1s estudiantes. En definitiva, se exige m\u00e1s rendimiento a quien tiene menos recursos y posibilidades.<\/p>\n<p>Aun compartiendo la filosof\u00eda de reforzar positivamente a los estudiantes con mejores rendimientos, creemos que no deben mezclarse ni confundirse estas becas, que son un instrumento de integraci\u00f3n y promoci\u00f3n social, con las de excelencia acad\u00e9mica. Unas no deber\u00edan excluir a las otras, y el Sistema puede, y debe, reconocer ambas.<\/p>\n<p>La reducci\u00f3n general de cuant\u00edas y de componentes, la reducci\u00f3n de umbrales econ\u00f3micos y el endurecimiento de requisitos acad\u00e9micos impiden el acceso a la beca de muchos estudiantes. Estos factores tambi\u00e9n producir\u00e1n un n\u00famero importante de abandonos de estudiantes pr\u00f3ximos a finalizar sus estudios, generando una indeseada ineficiencia en el sistema universitario.<\/p>\n<p>Por todo lo expuesto anteriormente, la CRUE manifiesta una profunda preocupaci\u00f3n por la aplicaci\u00f3n de este RD, ya que si se aprobase, debilitar\u00eda seriamente la funci\u00f3n social de la educaci\u00f3n superior en Espa\u00f1a, m\u00e1s teniendo en cuenta que estamos a\u00fan lejos de la media de la OCDE de inversi\u00f3n en becas respecto al PIB.<\/p>\n","protected":false},"excerpt":{"rendered":"<p>Los rectores pertenecientes a la Comisi\u00f3n Permanente del Consejo de Universidades se han reunido hoy con representantes del Ministerio de  Educaci\u00f3n, Cultura y Deporte, a los que les han trasladado, en nombre de la CRUE, su rechazo al proyecto de Real Decreto de becas. Los rectores han hecho las siguientes propuestas:<\/p>\n","protected":false},"author":4,"featured_media":0,"comment_status":"closed","ping_status":"open","sticky":false,"template":"","format":"standard","meta":{"_monsterinsights_skip_tracking":false,"_monsterinsights_sitenote_active":false,"_monsterinsights_sitenote_note":"","_monsterinsights_sitenote_category":0,"footnotes":""},"categories":[6],"tags":[64,243,21,244,737,39],"class_list":["post-1103587","post","type-post","status-publish","format-standard","hentry","category-institucional","tag-becas","tag-crue","tag-estudiantes","tag-ministerio-de-educacion","tag-rectores","tag-universidades"],"_links":{"self":[{"href":"https:\/\/www.upo.es\/diario\/wp-json\/wp\/v2\/posts\/1103587","targetHints":{"allow":["GET"]}}],"collection":[{"href":"https:\/\/www.upo.es\/diario\/wp-json\/wp\/v2\/posts"}],"about":[{"href":"https:\/\/www.upo.es\/diario\/wp-json\/wp\/v2\/types\/post"}],"author":[{"embeddable":true,"href":"https:\/\/www.upo.es\/diario\/wp-json\/wp\/v2\/users\/4"}],"replies":[{"embeddable":true,"href":"https:\/\/www.upo.es\/diario\/wp-json\/wp\/v2\/comments?post=1103587"}],"version-history":[{"count":3,"href":"https:\/\/www.upo.es\/diario\/wp-json\/wp\/v2\/posts\/1103587\/revisions"}],"predecessor-version":[{"id":1103830,"href":"https:\/\/www.upo.es\/diario\/wp-json\/wp\/v2\/posts\/1103587\/revisions\/1103830"}],"wp:attachment":[{"href":"https:\/\/www.upo.es\/diario\/wp-json\/wp\/v2\/media?parent=1103587"}],"wp:term":[{"taxonomy":"category","embeddable":true,"href":"https:\/\/www.upo.es\/diario\/wp-json\/wp\/v2\/categories?post=1103587"},{"taxonomy":"post_tag","embeddable":true,"href":"https:\/\/www.upo.es\/diario\/wp-json\/wp\/v2\/tags?post=1103587"}],"curies":[{"name":"wp","href":"https:\/\/api.w.org\/{rel}","templated":true}]}}