{"id":1105016,"date":"2013-06-28T07:00:21","date_gmt":"2013-06-28T07:00:21","guid":{"rendered":"https:\/\/www.upo.es\/diario\/?p=1105016"},"modified":"2013-07-01T12:27:18","modified_gmt":"2013-07-01T12:27:18","slug":"el-curso-de-la-democracia-representativa-a-la-democracia-real-homenajea-la-figura-de-rosario-valpuesta","status":"publish","type":"post","link":"https:\/\/www.upo.es\/diario\/institucional\/2013\/06\/el-curso-de-la-democracia-representativa-a-la-democracia-real-homenajea-la-figura-de-rosario-valpuesta\/","title":{"rendered":"El curso \u201cDe la democracia representativa a la democracia real\u00bb homenajea la figura de Rosario Valpuesta"},"content":{"rendered":"<figure id=\"attachment_1105265\" aria-describedby=\"caption-attachment-1105265\" style=\"width: 200px\" class=\"wp-caption alignright\"><a href=\"https:\/\/www.upo.es\/diario\/wp-content\/uploads\/2013\/06\/CursosdeVerano2013.jpg\"><img loading=\"lazy\" decoding=\"async\" class=\"size-medium wp-image-1105265\" alt=\"XI edici\u00f3n de los Cursos de Verano de la UPO, cartel\" src=\"https:\/\/www.upo.es\/diario\/wp-content\/uploads\/2013\/06\/CursosdeVerano2013-200x320.jpg\" width=\"200\" height=\"320\" srcset=\"https:\/\/www.upo.es\/diario\/wp-content\/uploads\/2013\/06\/CursosdeVerano2013-200x320.jpg 200w, https:\/\/www.upo.es\/diario\/wp-content\/uploads\/2013\/06\/CursosdeVerano2013-640x1024.jpg 640w, https:\/\/www.upo.es\/diario\/wp-content\/uploads\/2013\/06\/CursosdeVerano2013-600x959.jpg 600w, https:\/\/www.upo.es\/diario\/wp-content\/uploads\/2013\/06\/CursosdeVerano2013.jpg 1772w\" sizes=\"auto, (max-width: 200px) 100vw, 200px\" \/><\/a><figcaption id=\"caption-attachment-1105265\" class=\"wp-caption-text\">La XI edici\u00f3n de los Cursos de Verano concentra su programaci\u00f3n en julio<\/figcaption><\/figure>\n<p>Cuatro seminarios abrir\u00e1n el pr\u00f3ximo lunes 1 de julio la <a href=\"http:\/\/www.upo.es\/olavideencarmona\/cursos_de_verano\/programacion\/index.jsp\">programaci\u00f3n<\/a> de la XI edici\u00f3n de los Cursos de Verano de la Universidad Pablo de Olavide: \u201cDe la democracia representativa a la democracia real\u201d, \u201cCoaching en el \u00e1mbito educativo\u201d, \u201cLa cata del aceite de oliva virgen\u201d y \u201cSeguridad vial en el \u00e1mbito laboral\u201d. Estos cursos se celebrar\u00e1n la pr\u00f3xima semana en la sede de la Olavide en Carmona, la Casa Palacio de Los Briones.<\/p>\n<p>Respecto al curso <b>\u201c<a href=\"http:\/\/www.upo.es\/olavideencarmona\/export\/sites\/upo_carmona\/documentos\/2013\/2013cc06.pdf\">De la democracia representativa a la democracia real<\/a>\u201d<\/b>, coordinado por Vicente Guzm\u00e1n Fluja, rector y catedr\u00e1tico de Derecho Procesal de la Universidad Pablo de Olavide, y por Lina G\u00e1lvez Mu\u00f1oz, catedr\u00e1tica de Historia e Instituciones Econ\u00f3micas de la Universidad Pablo de Olavide, pretende ser un espacio de debate sobre las formas de avanzar en democracia real y un tributo a su directora <i>in memorian<\/i>, la profesora Rosario Valpuesta, que leg\u00f3 su obra y su compromiso social para conseguir un mundo m\u00e1s justo, equitativo y libre de violencia. Este seminario se celebrar\u00e1 del 1 al 3 de julio.<\/p>\n<p>En este sentido, este curso dedicar\u00e1 su primer d\u00eda a analizar la aportaci\u00f3n del pensamiento y de la vida de Rosario Valpuesta y del pensamiento feminista a los avances en democracia real. As\u00ed, el lunes 1 de julio, a las 11 horas en la Casa Palacio de los Briones, se emitir\u00e1 la Lecci\u00f3n Inaugural impartida por esta profesora recientemente fallecida, primera rectora de la Universidad Pablo de Olavide, en el acto de apertura del curso acad\u00e9mico de postgrado de la UPO, curso 2012-2013, que lleva por t\u00edtulo \u201cLos retos actuales de la democracia: de la democracia burguesa a la democracia radical\u201d. \u00a0El rector de la UPO, Vicente Guzm\u00e1n ser\u00e1 el encargado de presentar este documento gr\u00e1fico as\u00ed como de aportar las conclusiones.<\/p>\n<p>Posteriormente, a las 12.30 horas, se celebrar\u00e1 la mesa redonda \u201cCompromiso intelectual y compromiso social en el pensamiento y la vida de Rosario Valpuesta\u201d en la que intervendr\u00e1n la abogada Ana Mar\u00eda Ruiz Tagle y la feminista Alicia Va\u00f1\u00f3 Bueno. Ser\u00e1 moderada por M\u00aa Carmen Monreal Gimeno, profesora del \u00c1rea de Psicolog\u00eda Social de la UPO. Por la tarde, a las 17 horas, la catedr\u00e1tica Lina G\u00e1lvez y Gerardo Pisarello, profesor de Derecho Constitucional de la Universidad de Barcelona y vicepresidente del Observatorio de Derechos Econ\u00f3micos, Sociales y Culturales, impartir\u00e1n la conferencia \u201cLa insuficiencia de nuestra democracia. Las fallas de la arquitectura institucional de la transici\u00f3n\u201d.<\/p>\n<p>El fiscal delegado de Seguridad Vial de Andaluc\u00eda, Luis Carlos Rodr\u00edguez Le\u00f3n, coordina el curso <b>\u201c<a href=\"http:\/\/www.upo.es\/olavideencarmona\/export\/sites\/upo_carmona\/documentos\/2013\/2013cc05.pdf\">Seguridad vial en el \u00e1mbito laboral<\/a>\u201d, <\/b>que se celebra del 1 al 3 de julio en Carmona. En el \u00e1mbito laboral la seguridad vial aparece como elemento transversal en diferentes aspectos y sectores. \u00a0Su reflejo en el \u00e1mbito urbano, la movilidad, las zonas de carga y descarga, las soluciones al tr\u00e1fico en las ciudades y el accidente de trabajo como consecuencia del tr\u00e1fico rodado ser\u00e1n objeto de debate y an\u00e1lisis jur\u00eddico y social.<\/p>\n<p>As\u00ed, el lunes 3 de julio a las 10.30 horas en la Casa Palacio de Los Briones, Venancio Y\u00e9lamos Navarro, jefe del Servicio de Transportes de la Consejer\u00eda de Fomento y Vivienda de la Junta de Andaluc\u00eda, impartir\u00e1 la conferencia inaugural \u201cLa ley del transporte por carretera. Principios b\u00e1sicos y su reforma\u201d. A las 12.15 horas, Juan Bosco Anet Rodr\u00edguez, fiscal delegado de Seguridad vial de C\u00e1diz, hablar\u00e1 sobre \u201cSistemas de control. Los tac\u00f3grafos. El delito de falsedad documental\u201d. Por la tarde, a las 17 horas, se celebrar\u00e1 la mesa redonda \u201cDebate sobre el baremo de indemnizaciones a v\u00edctimas de tr\u00e1fico\u201d, que contar\u00e1 con la participaci\u00f3n de Pedro Javier Jim\u00e9nez Lafuente, fiscal delegado de Seguridad Vial de Granada, Jaume Mestres Aleu, responsable m\u00e9dico de Autom\u00f3viles Generali Espa\u00f1a, y representantes de Mapfre, Helvetia y Catalana Occidente. Modera Juan Guerrero P\u00e9rez, ingeniero experto en tr\u00e1fico de la Fundaci\u00f3n Maphre.<\/p>\n<p>Otro de los cursos que comienza el pr\u00f3ximo lunes es\u00a0<b>\u201c<a href=\"http:\/\/www.upo.es\/olavideencarmona\/export\/sites\/upo_carmona\/documentos\/2013\/2013cc01.pdf\">La cata del aceite de oliva virgen. Cultura y Maridaje<\/a>\u201d<\/b>, coordinado por Juan Antonio Morillo Ruiz, director gerente de Oleomorillo S.L., productor y divulgador de la cultura del aceite de oliva virgen en el Centro Cultural del Olivo Basilippo y La Oleoescuela. Este curso, que se celebra del 1 al 5 de julio, pretende abordar el panorama actual del aceite de oliva virgen extra en un nivel avanzado: c\u00f3mo afecta la crisis econ\u00f3mica, c\u00f3mo se puede valorar el producto desde el punto de vista tur\u00edstico, del marketing y de la salud, introduci\u00e9ndonos en el mundo de la cata de aceites de calidad.<\/p>\n<p>As\u00ed, el lunes 1 de julio, a 10.30 horas en la Casa Palacio de Los Briones, el director del curso abrir\u00e1 dicho seminario con la conferencia \u201cIniciaci\u00f3n a la cata y a una cultura tan desconocida\u201d. A las 12 horas, Mar\u00eda Jos\u00e9 Moyano, investigadora del Instituto de la Grasa (CSIC), ofrecer\u00e1 la ponencia \u201cComparaci\u00f3n del aceite de oliva virgen con otras grasas\u201d. Por la tarde, a las 16 horas, Diego Vergara, licenciado en M\u00e1rketing y M\u00e1ster en M\u00e1rketing del Aceite de Oliva Virgen, hablar\u00e1 sobre \u201cM\u00e1rketing y turismo del aceite de oliva virgen\u201d mientras que a las 17.30 horas, Julio Forcada, miembro del Panel de Cata de la Denominaci\u00f3n de Origen Priego de C\u00f3rdoba, impartir\u00e1 la conferencia \u201cCata te\u00f3rica\u201d.<\/p>\n<p>Finalmente, <b>\u201c<a href=\"http:\/\/www.upo.es\/olavideencarmona\/export\/sites\/upo_carmona\/documentos\/2013\/2013cc09.pdf\">Coaching en el \u00e1mbito educativo<\/a>\u201d<\/b>, coordinado por Gema Sancho Zamora, directora de Coaching para la Formaci\u00f3n, formadora y coach profesional, es otro de los cursos que se celebrar\u00e1 la pr\u00f3xima semana en Carmona, concretamente del lunes 3 de julio al mi\u00e9rcoles d\u00eda 3. As\u00ed, <span style=\"text-decoration: underline;\">el lunes 1 de julio a las 10.30 horas en la Casa Palacio de los Briones<\/span>, Hugo Serantes, experto universitario en coaching y coach personal y deportivo, ofrecer\u00e1 la ponencia\u00a0 \u201cIntroducci\u00f3n al coaching\u201d. A las 12.30 horas la psic\u00f3loga Gloria P\u00e9rez Rodr\u00edguez impartir\u00e1 el taller \u201cEducaci\u00f3n emocional\u201d y por la tarde, a las 16 horas, la coordinadora del curso, Gema Sancho, impartir\u00e1 la conferencia \u201cCoaching en el \u00e1mbito educativo\u201d. Este curso de coaching educativo proporciona un acercamiento al conocimiento y pr\u00e1ctica del coaching que engloba a todos los componentes de la comunidad educativa, proporcion\u00e1ndoles las herramientas necesarias para aplicarlas hacia una mejora de la educaci\u00f3n del siglo XXI.<\/p>\n","protected":false},"excerpt":{"rendered":"<p>Cuatro seminarios abrir\u00e1n el pr\u00f3ximo lunes 1 de julio la programaci\u00f3n de la XI edici\u00f3n de los Cursos de Verano de la Universidad Pablo de Olavide: \u201cDe la democracia representativa a la democracia real\u201d, \u201cCoaching en el \u00e1mbito educativo\u201d, \u201cLa cata del aceite de oliva virgen\u201d y \u201cSeguridad vial en el \u00e1mbito laboral\u201d. Estos cursos se celebrar\u00e1n la pr\u00f3xima semana en la sede de la Olavide en Carmona, la Casa Palacio de Los Briones. <\/p>\n","protected":false},"author":2,"featured_media":0,"comment_status":"closed","ping_status":"open","sticky":false,"template":"","format":"standard","meta":{"_monsterinsights_skip_tracking":false,"_monsterinsights_sitenote_active":false,"_monsterinsights_sitenote_note":"","_monsterinsights_sitenote_category":0,"footnotes":""},"categories":[6],"tags":[22,519,78],"class_list":["post-1105016","post","type-post","status-publish","format-standard","hentry","category-institucional","tag-cursos-de-verano","tag-olavide-en-carmona","tag-seminario"],"_links":{"self":[{"href":"https:\/\/www.upo.es\/diario\/wp-json\/wp\/v2\/posts\/1105016","targetHints":{"allow":["GET"]}}],"collection":[{"href":"https:\/\/www.upo.es\/diario\/wp-json\/wp\/v2\/posts"}],"about":[{"href":"https:\/\/www.upo.es\/diario\/wp-json\/wp\/v2\/types\/post"}],"author":[{"embeddable":true,"href":"https:\/\/www.upo.es\/diario\/wp-json\/wp\/v2\/users\/2"}],"replies":[{"embeddable":true,"href":"https:\/\/www.upo.es\/diario\/wp-json\/wp\/v2\/comments?post=1105016"}],"version-history":[{"count":11,"href":"https:\/\/www.upo.es\/diario\/wp-json\/wp\/v2\/posts\/1105016\/revisions"}],"predecessor-version":[{"id":1122207,"href":"https:\/\/www.upo.es\/diario\/wp-json\/wp\/v2\/posts\/1105016\/revisions\/1122207"}],"wp:attachment":[{"href":"https:\/\/www.upo.es\/diario\/wp-json\/wp\/v2\/media?parent=1105016"}],"wp:term":[{"taxonomy":"category","embeddable":true,"href":"https:\/\/www.upo.es\/diario\/wp-json\/wp\/v2\/categories?post=1105016"},{"taxonomy":"post_tag","embeddable":true,"href":"https:\/\/www.upo.es\/diario\/wp-json\/wp\/v2\/tags?post=1105016"}],"curies":[{"name":"wp","href":"https:\/\/api.w.org\/{rel}","templated":true}]}}