{"id":1105019,"date":"2013-06-28T07:24:30","date_gmt":"2013-06-28T07:24:30","guid":{"rendered":"https:\/\/www.upo.es\/diario\/?p=1105019"},"modified":"2013-06-28T12:29:23","modified_gmt":"2013-06-28T12:29:23","slug":"el-coro-de-la-upo-participara-el-domingo-en-el-viii-encuentro-de-coros-universitarios-de-la-universidad-de-granada","status":"publish","type":"post","link":"https:\/\/www.upo.es\/diario\/cultura\/2013\/06\/el-coro-de-la-upo-participara-el-domingo-en-el-viii-encuentro-de-coros-universitarios-de-la-universidad-de-granada\/","title":{"rendered":"El Coro de la UPO participar\u00e1 el domingo en el VIII Encuentro de Coros Universitarios de la Universidad de Granada"},"content":{"rendered":"<figure id=\"attachment_1105020\" aria-describedby=\"caption-attachment-1105020\" style=\"width: 225px\" class=\"wp-caption alignright\"><a href=\"https:\/\/www.upo.es\/diario\/wp-content\/uploads\/2013\/06\/Folleto_fex_2013-1.jpg\"><img loading=\"lazy\" decoding=\"async\" class=\"size-medium wp-image-1105020\" alt=\"FEX 2013, cartel\" src=\"https:\/\/www.upo.es\/diario\/wp-content\/uploads\/2013\/06\/Folleto_fex_2013-1-225x320.jpg\" width=\"225\" height=\"320\" srcset=\"https:\/\/www.upo.es\/diario\/wp-content\/uploads\/2013\/06\/Folleto_fex_2013-1-225x320.jpg 225w, https:\/\/www.upo.es\/diario\/wp-content\/uploads\/2013\/06\/Folleto_fex_2013-1-721x1024.jpg 721w, https:\/\/www.upo.es\/diario\/wp-content\/uploads\/2013\/06\/Folleto_fex_2013-1-600x851.jpg 600w, https:\/\/www.upo.es\/diario\/wp-content\/uploads\/2013\/06\/Folleto_fex_2013-1.jpg 1748w\" sizes=\"auto, (max-width: 225px) 100vw, 225px\" \/><\/a><figcaption id=\"caption-attachment-1105020\" class=\"wp-caption-text\">El VIII Encuentro de Coros Universitarios de la UGR se enmarca en la programaci\u00f3n de FEX 2013<\/figcaption><\/figure>\n<p>El Coro de la Universidad Pablo de Olavide actuar\u00e1 <b>el pr\u00f3ximo domingo 30 de junio, en el Auditorio Manuel de Falla de Granada a las 12 horas<\/b>, junto al Coro \u2018Canticum Novum\u2019 con motivo del <b>VIII Encuentro de Coros de la Universidad de Granada<\/b>. Este encuentro, en el que participar\u00e1 tambi\u00e9n el Coro Manuel de Falla de la UGR, se enmarca en la d\u00e9cima edici\u00f3n del <a href=\"http:\/\/www.granadafestival.org\/fileadmin\/2013\/FEX\/Folleto_fex_2013.pdf\">Festival Extensi\u00f3n (FEX)<\/a> programa cultural paralelo del <a href=\"http:\/\/www.granadafestival.org\/\">Festival Internacional de M\u00fasica y Danza de Granada<\/a>.<\/p>\n<p>Jorge Rogr\u00edguez Morata dirigir\u00e1 a ambas formaciones vocales en un programa formado exclusivamente por la <b><i>Deutsche Messe<\/i><\/b>, compuesta por Franz Schubert en 1827. Por su parte el Coro Manuel de Falla y \u2018Canticum Novum\u2019 representar\u00e1n obras de Morten Lauridsen, Ola Gjeilo, Luigi Molfino, George Gershwin, Juan Alfonso Garc\u00eda, Dante Andreo, Julio Dom\u00ednguez, \u00d3scar Escalada, Glenn Miller, William Hawley y Xavier Montsalvatge.<\/p>\n<p>El Coro de la Universidad Pablo de Olavide, abierto a estudiantes, profesorado y personal de administraci\u00f3n, se cre\u00f3 en 2008 con objeto de formar y dar a conocer el repertorio coral occidental desde la \u00e9poca medieval hasta el siglo XX. Financiado por el vicerrectorado de Cultura, Participaci\u00f3n y Compromiso Social est\u00e1 dirigido musicalmente por Jorge Rodr\u00edguez Morata y la direcci\u00f3n art\u00edstica corre a cargo de Miguel Rodr\u00edguez Rodr\u00edguez.<\/p>\n","protected":false},"excerpt":{"rendered":"<p>El Coro de la Universidad Pablo de Olavide actuar\u00e1 el pr\u00f3ximo domingo 30 de junio, en el Auditorio Manuel de Falla de Granada a las 12 horas, junto al Coro \u2018Canticum Novum\u2019 con motivo del VIII Encuentro de Coros de la Universidad de Granada.<\/p>\n","protected":false},"author":6,"featured_media":0,"comment_status":"closed","ping_status":"open","sticky":false,"template":"","format":"standard","meta":{"_monsterinsights_skip_tracking":false,"_monsterinsights_sitenote_active":false,"_monsterinsights_sitenote_note":"","_monsterinsights_sitenote_category":0,"footnotes":""},"categories":[7],"tags":[71,741,494,402,39],"class_list":["post-1105019","post","type-post","status-publish","format-standard","hentry","category-cultura","tag-coro","tag-festival","tag-granada","tag-musica","tag-universidades"],"_links":{"self":[{"href":"https:\/\/www.upo.es\/diario\/wp-json\/wp\/v2\/posts\/1105019","targetHints":{"allow":["GET"]}}],"collection":[{"href":"https:\/\/www.upo.es\/diario\/wp-json\/wp\/v2\/posts"}],"about":[{"href":"https:\/\/www.upo.es\/diario\/wp-json\/wp\/v2\/types\/post"}],"author":[{"embeddable":true,"href":"https:\/\/www.upo.es\/diario\/wp-json\/wp\/v2\/users\/6"}],"replies":[{"embeddable":true,"href":"https:\/\/www.upo.es\/diario\/wp-json\/wp\/v2\/comments?post=1105019"}],"version-history":[{"count":3,"href":"https:\/\/www.upo.es\/diario\/wp-json\/wp\/v2\/posts\/1105019\/revisions"}],"predecessor-version":[{"id":1105024,"href":"https:\/\/www.upo.es\/diario\/wp-json\/wp\/v2\/posts\/1105019\/revisions\/1105024"}],"wp:attachment":[{"href":"https:\/\/www.upo.es\/diario\/wp-json\/wp\/v2\/media?parent=1105019"}],"wp:term":[{"taxonomy":"category","embeddable":true,"href":"https:\/\/www.upo.es\/diario\/wp-json\/wp\/v2\/categories?post=1105019"},{"taxonomy":"post_tag","embeddable":true,"href":"https:\/\/www.upo.es\/diario\/wp-json\/wp\/v2\/tags?post=1105019"}],"curies":[{"name":"wp","href":"https:\/\/api.w.org\/{rel}","templated":true}]}}