{"id":11051744,"date":"2015-11-12T13:00:06","date_gmt":"2015-11-12T13:00:06","guid":{"rendered":"https:\/\/www.upo.es\/diario\/?p=11051744"},"modified":"2015-11-12T13:41:36","modified_gmt":"2015-11-12T13:41:36","slug":"manana-en-la-upo-actuacion-de-travieso-quartet-con-el-concierto-jazz-or-not-musica-bastarda","status":"publish","type":"post","link":"https:\/\/www.upo.es\/diario\/cultura\/2015\/11\/manana-en-la-upo-actuacion-de-travieso-quartet-con-el-concierto-jazz-or-not-musica-bastarda\/","title":{"rendered":"Hoy en la UPO, actuaci\u00f3n de Travieso Quartet con el concierto \u00abJazz or not: m\u00fasica bastarda\u00bb"},"content":{"rendered":"<p>&nbsp;<\/p>\n<figure id=\"attachment_11051745\" aria-describedby=\"caption-attachment-11051745\" style=\"width: 600px\" class=\"wp-caption aligncenter\"><a href=\"https:\/\/www.upo.es\/diario\/wp-content\/uploads\/2015\/11\/jazz.jpg\"><img loading=\"lazy\" decoding=\"async\" class=\"size-large wp-image-11051745\" alt=\"Travieso Quartet ofrecer\u00e1 el concierto \u201cJazz or not: m\u00fasica bastarda\u201d.\" src=\"https:\/\/www.upo.es\/diario\/wp-content\/uploads\/2015\/11\/jazz-600x538.jpg\" width=\"600\" height=\"538\" srcset=\"https:\/\/www.upo.es\/diario\/wp-content\/uploads\/2015\/11\/jazz-600x538.jpg 600w, https:\/\/www.upo.es\/diario\/wp-content\/uploads\/2015\/11\/jazz-320x287.jpg 320w\" sizes=\"auto, (max-width: 600px) 100vw, 600px\" \/><\/a><figcaption id=\"caption-attachment-11051745\" class=\"wp-caption-text\">Travieso Quartet ofrecer\u00e1 el concierto \u201cJazz or not: m\u00fasica bastarda\u201d.<\/figcaption><\/figure>\n<p><span style=\"text-decoration: underline;\">Hoy jueves 12 de noviembre, a las 19:30 horas en el Espacio Cultural Antigua Guarder\u00eda de la Universidad Pablo de Olavide (<\/span>ECAG), la agrupaci\u00f3n <b><a href=\"https:\/\/www.upo.es\/upsc\/export\/sites\/upsc\/Documentos\/extension\/Documentos\/Ficha_Travieso-1.pdf\">Travieso Quartet<\/a><\/b> ofrecer\u00e1 el concierto <b>\u201cJazz or not: m\u00fasica bastarda\u201d<\/b>, en el marco del Programa \u201cCultura M\u00ednima\u201d de esta universidad.<\/p>\n<p>Integran esta formaci\u00f3n la vocalista Nuria Fern\u00e1ndez, profesora de la Facultad de Humanidades de la UPO; Chema Tornero, profesor de la Universidad de Sevilla (teclado y ukelele), Cristian Novoa (bater\u00eda) y Daniel Abad (contrabajo). La actuaci\u00f3n ir\u00e1 acompa\u00f1ada de una introducci\u00f3n al jazz, a los estilos y ritmos que en \u00e9l convergen (R&amp;B, Latin, soul, funk, bossa&#8230;), a su importancia en la cultura estadounidense y a su utilidad para el aprendizaje y perfeccionamiento de la lengua inglesa. <span style=\"text-decoration: underline;\">La entrada tiene un precio de 3 euros<\/span>.<\/p>\n<p>El <b>Programa \u201cCultura M\u00ednima\u201d<\/b> puesto en marcha por el Vicerrectorado de Cultura y Compromiso Social, a trav\u00e9s del Servicio de Extensi\u00f3n Cultural de la Unidad de Cultura y Participaci\u00f3n Social, tiene como objetivo abrir la ECAG a las propuestas art\u00edsticas y culturales tanto de la comunidad universitaria como de la sociedad en general.<\/p>\n<p>De esta manera, el Espacio Cultural Antigua Guarder\u00eda de la UPO se convierte en espacio estable de la programaci\u00f3n cultural de la Olavide, acogiendo propuestas art\u00edsticas de todas las disciplinas como teatro, danza, flamenco, recitales de poes\u00eda, presentaciones de libros, o recitales en ac\u00fastico de agrupaciones musicales y solistas.<\/p>\n<p>Adem\u00e1s, el EGAC acoge el trabajo diario de las agrupaciones que conforman el Programa Artes y Formaci\u00f3n de este vicerrectorado, como el Aula de Artes Esc\u00e9nicas, Coro de la UPO, Pe\u00f1a Universitaria \u201cSentir Flamenco\u201d y la colaboraci\u00f3n desde hace a\u00f1os con el Coro South Gospel de Sevilla.<\/p>\n<p>&nbsp;<\/p>\n","protected":false},"excerpt":{"rendered":"<p>Hoy jueves 12 de noviembre, a las 19:30 horas en el Espacio Cultural Antigua Guarder\u00eda de la Universidad Pablo de Olavide (ECAG), la agrupaci\u00f3n Travieso Quartet ofrecer\u00e1 el concierto \u201cJazz or not: m\u00fasica bastarda\u201d, en el marco del Programa \u201cCultura M\u00ednima\u201d de esta universidad. <\/p>\n","protected":false},"author":2,"featured_media":0,"comment_status":"closed","ping_status":"open","sticky":false,"template":"","format":"standard","meta":{"_monsterinsights_skip_tracking":false,"_monsterinsights_sitenote_active":false,"_monsterinsights_sitenote_note":"","_monsterinsights_sitenote_category":0,"footnotes":""},"categories":[7],"tags":[403,2753,2664,2667],"class_list":["post-11051744","post","type-post","status-publish","format-standard","hentry","category-cultura","tag-concierto","tag-jazz","tag-programa-cultura-minima","tag-vicerrectorado-de-cultura-y-compromiso-social"],"_links":{"self":[{"href":"https:\/\/www.upo.es\/diario\/wp-json\/wp\/v2\/posts\/11051744","targetHints":{"allow":["GET"]}}],"collection":[{"href":"https:\/\/www.upo.es\/diario\/wp-json\/wp\/v2\/posts"}],"about":[{"href":"https:\/\/www.upo.es\/diario\/wp-json\/wp\/v2\/types\/post"}],"author":[{"embeddable":true,"href":"https:\/\/www.upo.es\/diario\/wp-json\/wp\/v2\/users\/2"}],"replies":[{"embeddable":true,"href":"https:\/\/www.upo.es\/diario\/wp-json\/wp\/v2\/comments?post=11051744"}],"version-history":[{"count":7,"href":"https:\/\/www.upo.es\/diario\/wp-json\/wp\/v2\/posts\/11051744\/revisions"}],"predecessor-version":[{"id":11061622,"href":"https:\/\/www.upo.es\/diario\/wp-json\/wp\/v2\/posts\/11051744\/revisions\/11061622"}],"wp:attachment":[{"href":"https:\/\/www.upo.es\/diario\/wp-json\/wp\/v2\/media?parent=11051744"}],"wp:term":[{"taxonomy":"category","embeddable":true,"href":"https:\/\/www.upo.es\/diario\/wp-json\/wp\/v2\/categories?post=11051744"},{"taxonomy":"post_tag","embeddable":true,"href":"https:\/\/www.upo.es\/diario\/wp-json\/wp\/v2\/tags?post=11051744"}],"curies":[{"name":"wp","href":"https:\/\/api.w.org\/{rel}","templated":true}]}}