{"id":11051749,"date":"2015-11-11T10:22:29","date_gmt":"2015-11-11T10:22:29","guid":{"rendered":"https:\/\/www.upo.es\/diario\/?p=11051749"},"modified":"2015-11-11T13:25:11","modified_gmt":"2015-11-11T13:25:11","slug":"exposicion-de-fotografias-violencia-manifiesta-en-la-biblioteca-de-la-upo","status":"publish","type":"post","link":"https:\/\/www.upo.es\/diario\/cultura\/2015\/11\/exposicion-de-fotografias-violencia-manifiesta-en-la-biblioteca-de-la-upo\/","title":{"rendered":"Exposici\u00f3n de fotograf\u00edas \u201cViolencia Manifiesta\u201d, en la biblioteca de la UPO"},"content":{"rendered":"<figure id=\"attachment_11051750\" aria-describedby=\"caption-attachment-11051750\" style=\"width: 600px\" class=\"wp-caption aligncenter\"><a href=\"https:\/\/www.upo.es\/diario\/wp-content\/uploads\/2015\/11\/Exp-Violencia-Manifiesta_009.jpg\"><img loading=\"lazy\" decoding=\"async\" class=\"size-large wp-image-11051750\" alt=\"La exposici\u00f3n puede visitarse de lunes a viernes de 8:30 a 21:00 horas\" src=\"https:\/\/www.upo.es\/diario\/wp-content\/uploads\/2015\/11\/Exp-Violencia-Manifiesta_009-600x338.jpg\" width=\"600\" height=\"338\" srcset=\"https:\/\/www.upo.es\/diario\/wp-content\/uploads\/2015\/11\/Exp-Violencia-Manifiesta_009-600x338.jpg 600w, https:\/\/www.upo.es\/diario\/wp-content\/uploads\/2015\/11\/Exp-Violencia-Manifiesta_009-320x180.jpg 320w\" sizes=\"auto, (max-width: 600px) 100vw, 600px\" \/><\/a><figcaption id=\"caption-attachment-11051750\" class=\"wp-caption-text\">La exposici\u00f3n puede visitarse de lunes a viernes de 8:30 a 21 horas<\/figcaption><\/figure>\n<p>En el \u00c1rea de Exposiciones de la Biblioteca de la Universidad Pablo de Olavide puede visitarse la muestra \u201cViolencia manifiesta\u201d, exposici\u00f3n de fotograf\u00edas realizadas entre M\u00e9xico y Colombia por los artistas mexicanos Patricia Aridjis, Eunice Adorno y Ernesto Ram\u00edrez y los artistas colombianos Mar\u00eda del Carmen Espinosa y Jorge Panchoaga, seleccionados por los comisarios Eunice Miranda (M\u00e9xico) y Alberto Campuzano (Colombia). Los cinco creadores aportan en esta muestra fotogr\u00e1fica reflexiones en torno al problema de la violencia que afecta a nuestras sociedades.<\/p>\n<p>La exposici\u00f3n, abierta hasta el 30 de noviembre, puede visitarse de lunes a viernes de 8:30 a 21:00 horas. Esta muestra ha sido organizada por el Aula Latinoamericana de Pensamiento y Creaci\u00f3n Contempor\u00e1neos, con la colaboraci\u00f3n del Ayuntamiento de Carmona, EnredArs, el Consulado Honorario de M\u00e9xico en Sevilla, y Conaculta-Fonca (M\u00e9xico).<\/p>\n<p>El Aula de Pensamiento y Creaci\u00f3n Contempor\u00e1neos es un grupo de trabajo interdisciplinar que desde el \u00c1rea de Historia del Arte de la UPO convoca a diversos actores de Iberoam\u00e9rica que trabajan en la investigaci\u00f3n y producci\u00f3n en el campo de la creaci\u00f3n contempor\u00e1nea.<\/p>\n<p>Consulta el <a href=\"http:\/\/issuu.com\/enredars\/docs\/violencia-2\/1\">cat\u00e1logo de la exposici\u00f3n<\/a>.<\/p>\n","protected":false},"excerpt":{"rendered":"<p>En el \u00c1rea de Exposiciones de la Biblioteca de la Universidad Pablo de Olavide puede visitarse la muestra \u201cViolencia manifiesta\u201d, exposici\u00f3n de fotograf\u00edas realizadas entre M\u00e9xico y Colombia por los artistas mexicanos Patricia Aridjis, Eunice Adorno y Ernesto Ram\u00edrez y los artistas colombianos Mar\u00eda del Carmen Espinosa y Jorge Panchoaga.<\/p>\n","protected":false},"author":6,"featured_media":0,"comment_status":"closed","ping_status":"open","sticky":false,"template":"","format":"standard","meta":{"_monsterinsights_skip_tracking":false,"_monsterinsights_sitenote_active":false,"_monsterinsights_sitenote_note":"","_monsterinsights_sitenote_category":0,"footnotes":""},"categories":[7],"tags":[799,125,946,74,60,286,143],"class_list":["post-11051749","post","type-post","status-publish","format-standard","hentry","category-cultura","tag-america-latina","tag-biblioteca","tag-colombia","tag-exposiciones","tag-fotografia","tag-mexico","tag-violencia"],"_links":{"self":[{"href":"https:\/\/www.upo.es\/diario\/wp-json\/wp\/v2\/posts\/11051749","targetHints":{"allow":["GET"]}}],"collection":[{"href":"https:\/\/www.upo.es\/diario\/wp-json\/wp\/v2\/posts"}],"about":[{"href":"https:\/\/www.upo.es\/diario\/wp-json\/wp\/v2\/types\/post"}],"author":[{"embeddable":true,"href":"https:\/\/www.upo.es\/diario\/wp-json\/wp\/v2\/users\/6"}],"replies":[{"embeddable":true,"href":"https:\/\/www.upo.es\/diario\/wp-json\/wp\/v2\/comments?post=11051749"}],"version-history":[{"count":1,"href":"https:\/\/www.upo.es\/diario\/wp-json\/wp\/v2\/posts\/11051749\/revisions"}],"predecessor-version":[{"id":11051751,"href":"https:\/\/www.upo.es\/diario\/wp-json\/wp\/v2\/posts\/11051749\/revisions\/11051751"}],"wp:attachment":[{"href":"https:\/\/www.upo.es\/diario\/wp-json\/wp\/v2\/media?parent=11051749"}],"wp:term":[{"taxonomy":"category","embeddable":true,"href":"https:\/\/www.upo.es\/diario\/wp-json\/wp\/v2\/categories?post=11051749"},{"taxonomy":"post_tag","embeddable":true,"href":"https:\/\/www.upo.es\/diario\/wp-json\/wp\/v2\/tags?post=11051749"}],"curies":[{"name":"wp","href":"https:\/\/api.w.org\/{rel}","templated":true}]}}