{"id":1105262,"date":"2013-06-28T00:42:07","date_gmt":"2013-06-28T00:42:07","guid":{"rendered":"https:\/\/www.upo.es\/diario\/?p=1105262"},"modified":"2013-06-28T12:43:25","modified_gmt":"2013-06-28T12:43:25","slug":"el-rector-el-presidente-de-la-diputacion-y-el-alcalde-de-carmona-inauguran-el-lunes-los-cursos-de-verano-de-la-upo","status":"publish","type":"post","link":"https:\/\/www.upo.es\/diario\/institucional\/2013\/06\/el-rector-el-presidente-de-la-diputacion-y-el-alcalde-de-carmona-inauguran-el-lunes-los-cursos-de-verano-de-la-upo\/","title":{"rendered":"El rector, el presidente de la Diputaci\u00f3n y el alcalde de Carmona inauguran el lunes los Cursos de Verano de la UPO"},"content":{"rendered":"<p>El rector de la Universidad Pablo de Olavide, Vicente Guzm\u00e1n Fluja; el presidente de la Diputaci\u00f3n de Sevilla, Fernando Rodr\u00edguez Villalobos; el alcalde de Carmona, Juan \u00c1vila Guti\u00e9rrez y el vicerrector de Postgrado, Formaci\u00f3n Permanente y Empleo de la UPO, Miguel \u00c1ngel Gual Font presidir\u00e1n el pr\u00f3ximo lunes, a las 10 horas, en la sede de la Universidad Pablo de Olavide en Carmona (Casa palacio de los Briones. C\/ Ram\u00f3n y Cajal, 15) el acto oficial de inauguraci\u00f3n de la XI edici\u00f3n de los Cursos de Verano 2013 de la Universidad Pablo de Olavide.<\/p>\n","protected":false},"excerpt":{"rendered":"<p>El rector de la Universidad Pablo de Olavide, Vicente Guzm\u00e1n Fluja; el presidente de la Diputaci\u00f3n de Sevilla, Fernando Rodr\u00edguez Villalobos; el alcalde de Carmona, Juan \u00c1vila Guti\u00e9rrez y el vicerrector de Postgrado, Formaci\u00f3n Permanente y Empleo de la UPO, Miguel \u00c1ngel Gual Font presidir\u00e1n el pr\u00f3ximo lunes, a las 10 horas, en la sede de la Universidad Pablo de Olavide en Carmona (Casa palacio de los Briones. C\/ Ram\u00f3n y Cajal, 15) el acto oficial de inauguraci\u00f3n de la XI edici\u00f3n de los Cursos de Verano 2013 de la Universidad Pablo de Olavide.<\/p>\n","protected":false},"author":6,"featured_media":0,"comment_status":"closed","ping_status":"open","sticky":false,"template":"","format":"standard","meta":{"_monsterinsights_skip_tracking":false,"_monsterinsights_sitenote_active":false,"_monsterinsights_sitenote_note":"","_monsterinsights_sitenote_category":0,"footnotes":""},"categories":[6],"tags":[23,22,327,349,519,38,106],"class_list":["post-1105262","post","type-post","status-publish","format-standard","hentry","category-institucional","tag-carmona","tag-cursos-de-verano","tag-diputacion","tag-inauguracion","tag-olavide-en-carmona","tag-rector","tag-vicente-c-guzman"],"_links":{"self":[{"href":"https:\/\/www.upo.es\/diario\/wp-json\/wp\/v2\/posts\/1105262","targetHints":{"allow":["GET"]}}],"collection":[{"href":"https:\/\/www.upo.es\/diario\/wp-json\/wp\/v2\/posts"}],"about":[{"href":"https:\/\/www.upo.es\/diario\/wp-json\/wp\/v2\/types\/post"}],"author":[{"embeddable":true,"href":"https:\/\/www.upo.es\/diario\/wp-json\/wp\/v2\/users\/6"}],"replies":[{"embeddable":true,"href":"https:\/\/www.upo.es\/diario\/wp-json\/wp\/v2\/comments?post=1105262"}],"version-history":[{"count":1,"href":"https:\/\/www.upo.es\/diario\/wp-json\/wp\/v2\/posts\/1105262\/revisions"}],"predecessor-version":[{"id":1105263,"href":"https:\/\/www.upo.es\/diario\/wp-json\/wp\/v2\/posts\/1105262\/revisions\/1105263"}],"wp:attachment":[{"href":"https:\/\/www.upo.es\/diario\/wp-json\/wp\/v2\/media?parent=1105262"}],"wp:term":[{"taxonomy":"category","embeddable":true,"href":"https:\/\/www.upo.es\/diario\/wp-json\/wp\/v2\/categories?post=1105262"},{"taxonomy":"post_tag","embeddable":true,"href":"https:\/\/www.upo.es\/diario\/wp-json\/wp\/v2\/tags?post=1105262"}],"curies":[{"name":"wp","href":"https:\/\/api.w.org\/{rel}","templated":true}]}}