{"id":1105264,"date":"2013-06-28T13:00:59","date_gmt":"2013-06-28T13:00:59","guid":{"rendered":"https:\/\/www.upo.es\/diario\/?p=1105264"},"modified":"2013-07-02T07:28:05","modified_gmt":"2013-07-02T07:28:05","slug":"mas-de-mil-estudiantes-finalizan-sus-estudios-oficiales-de-master-en-la-universidad-pablo-de-olavide","status":"publish","type":"post","link":"https:\/\/www.upo.es\/diario\/institucional\/2013\/06\/mas-de-mil-estudiantes-finalizan-sus-estudios-oficiales-de-master-en-la-universidad-pablo-de-olavide\/","title":{"rendered":"M\u00e1s de mil estudiantes finalizan sus estudios oficiales de M\u00e1ster en la Universidad Pablo de Olavide"},"content":{"rendered":"<figure id=\"attachment_1105270\" aria-describedby=\"caption-attachment-1105270\" style=\"width: 320px\" class=\"wp-caption alignright\"><a href=\"https:\/\/www.upo.es\/diario\/wp-content\/uploads\/2013\/06\/clausuramasters1.jpg\"><img loading=\"lazy\" decoding=\"async\" class=\"size-medium wp-image-1105270\" alt=\"M\u00e1s de 1.000 estudiantes han finalizado sus masters universitarios\" src=\"https:\/\/www.upo.es\/diario\/wp-content\/uploads\/2013\/06\/clausuramasters1-320x190.jpg\" width=\"320\" height=\"190\" srcset=\"https:\/\/www.upo.es\/diario\/wp-content\/uploads\/2013\/06\/clausuramasters1-320x190.jpg 320w, https:\/\/www.upo.es\/diario\/wp-content\/uploads\/2013\/06\/clausuramasters1-1024x611.jpg 1024w, https:\/\/www.upo.es\/diario\/wp-content\/uploads\/2013\/06\/clausuramasters1-600x358.jpg 600w\" sizes=\"auto, (max-width: 320px) 100vw, 320px\" \/><\/a><figcaption id=\"caption-attachment-1105270\" class=\"wp-caption-text\">M\u00e1s de 1.000 estudiantes han finalizado sus masters universitarios<\/figcaption><\/figure>\n<p>La Universidad Pablo de Olavide ha acogido hoy viernes, 28 de junio, el acto de clausura de los programas de m\u00e1ster universitario de la UPO del curso acad\u00e9mico 2012\/2013, que ha estado presidido por el rector, Vicente Guzm\u00e1n Fluja, y el vicerrector de Postgrado, Formaci\u00f3n Permanente y Empleo, Miguel \u00c1ngel Gual Font. Junto con los directores y coordinadores de los programas, el vicerrector de Postgrados, Formaci\u00f3n Permanente y Empleo, Miguel \u00c1ngel Gual ha impuesto las becas a los estudiantes que han finalizado sus estudios.<\/p>\n<p>Este curso, un total de 1.042 estudiantes han terminado sus estudios de m\u00e1ster oficial en la Universidad Pablo de Olavide. Al acto de clausura celebrado en el Paraninfo han asistido m\u00e1s de 300 estudiantes.<\/p>\n<figure id=\"attachment_1105269\" aria-describedby=\"caption-attachment-1105269\" style=\"width: 320px\" class=\"wp-caption alignleft\"><a href=\"https:\/\/www.upo.es\/diario\/wp-content\/uploads\/2013\/06\/clausuramasters.jpg\"><img loading=\"lazy\" decoding=\"async\" class=\"size-medium wp-image-1105269 \" alt=\"Acto de clausura de los masters universitarios 2012\/13\" src=\"https:\/\/www.upo.es\/diario\/wp-content\/uploads\/2013\/06\/clausuramasters-320x193.jpg\" width=\"320\" height=\"193\" srcset=\"https:\/\/www.upo.es\/diario\/wp-content\/uploads\/2013\/06\/clausuramasters-320x193.jpg 320w, https:\/\/www.upo.es\/diario\/wp-content\/uploads\/2013\/06\/clausuramasters-1024x617.jpg 1024w, https:\/\/www.upo.es\/diario\/wp-content\/uploads\/2013\/06\/clausuramasters-600x361.jpg 600w\" sizes=\"auto, (max-width: 320px) 100vw, 320px\" \/><\/a><figcaption id=\"caption-attachment-1105269\" class=\"wp-caption-text\">Acto de clausura de los masters universitarios 2012\/13<\/figcaption><\/figure>\n<p>La Universidad Pablo de Olavide imparti\u00f3 durante el curso 2012\/13 un total de 37 m\u00e1steres universitarios, de los que 2 se han editado por primera vez, que cursaron m\u00e1s de mil estudiantes matriculados. De esta manera, la UPO apuesta por consolidar una oferta que combina, por un lado, el perfil profesional en buena parte de sus postgrados y, por otro lado, la formaci\u00f3n de sus estudiantes cara al desarrollo de la investigaci\u00f3n, y que destaca por su calidad y su grado de internacionalizaci\u00f3n.<\/p>\n<p>Los dos nuevos m\u00e1steres universitarios impartidos fueron \u201cContabilidad Directiva\u201d y \u201cFinanzas y Banca\u201d, y los 35 masters oficiales que se reeditaron este curso pueden consultarse en la p\u00e1gina web del Centro de Estudios Oficiales de Postgrado, <a href=\"http:\/\/www.upo.es\/postgrado\">www.upo.es\/postgrado<\/a>.<\/p>\n<p>Las titulaciones oficiales de postgrado son gestionadas por el Centro de Estudios de Postgrado de la Universidad Pablo de Olavide, que organiza toda la oferta de masters y doctorados oficiales impartidos por esta universidad p\u00fablica sevillana, con el fin de dar una respuesta \u00e1gil y participativa a las demandas emergentes de la sociedad y al Espacio Europeo de Educaci\u00f3n Superior.<\/p>\n<p>El Centro de Estudios de Postgrado de la UPO fomenta la movilidad del alumnado y del profesorado e impulsa un programa propio de becas, en una apuesta de la universidad por consolidar la internacionalizaci\u00f3n de los programas de postgrado de la Olavide y convertir a esta universidad en un referente internacional en estos estudios de postgrado.<\/p>\n","protected":false},"excerpt":{"rendered":"<p>La Universidad Pablo de Olavide ha acogido hoy viernes, 28 de junio, el acto de clausura de los programas de master universitario de la UPO del curso acad\u00e9mico 2012\/2013, que ha estado presidido por el rector, Vicente Guzm\u00e1n Fluja, y el vicerrector de Postgrado, Formaci\u00f3n Permanente y Empleo, Miguel \u00c1ngel Gual Font. Junto con los directores y coordinadores de los programas, el vicerrector de Postgrados, Formaci\u00f3n Permanente y Empleo, Miguel \u00c1ngel Gual ha impuesto las becas a los estudiantes que han finalizado sus estudios.<\/p>\n","protected":false},"author":4,"featured_media":0,"comment_status":"closed","ping_status":"open","sticky":false,"template":"","format":"standard","meta":{"_monsterinsights_skip_tracking":false,"_monsterinsights_sitenote_active":false,"_monsterinsights_sitenote_note":"","_monsterinsights_sitenote_category":0,"footnotes":""},"categories":[6],"tags":[463,21,118,82,38,106],"class_list":["post-1105264","post","type-post","status-publish","format-standard","hentry","category-institucional","tag-clausura","tag-estudiantes","tag-master","tag-postgrado","tag-rector","tag-vicente-c-guzman"],"_links":{"self":[{"href":"https:\/\/www.upo.es\/diario\/wp-json\/wp\/v2\/posts\/1105264","targetHints":{"allow":["GET"]}}],"collection":[{"href":"https:\/\/www.upo.es\/diario\/wp-json\/wp\/v2\/posts"}],"about":[{"href":"https:\/\/www.upo.es\/diario\/wp-json\/wp\/v2\/types\/post"}],"author":[{"embeddable":true,"href":"https:\/\/www.upo.es\/diario\/wp-json\/wp\/v2\/users\/4"}],"replies":[{"embeddable":true,"href":"https:\/\/www.upo.es\/diario\/wp-json\/wp\/v2\/comments?post=1105264"}],"version-history":[{"count":6,"href":"https:\/\/www.upo.es\/diario\/wp-json\/wp\/v2\/posts\/1105264\/revisions"}],"predecessor-version":[{"id":1105272,"href":"https:\/\/www.upo.es\/diario\/wp-json\/wp\/v2\/posts\/1105264\/revisions\/1105272"}],"wp:attachment":[{"href":"https:\/\/www.upo.es\/diario\/wp-json\/wp\/v2\/media?parent=1105264"}],"wp:term":[{"taxonomy":"category","embeddable":true,"href":"https:\/\/www.upo.es\/diario\/wp-json\/wp\/v2\/categories?post=1105264"},{"taxonomy":"post_tag","embeddable":true,"href":"https:\/\/www.upo.es\/diario\/wp-json\/wp\/v2\/tags?post=1105264"}],"curies":[{"name":"wp","href":"https:\/\/api.w.org\/{rel}","templated":true}]}}