{"id":11061621,"date":"2015-11-13T05:28:21","date_gmt":"2015-11-13T05:28:21","guid":{"rendered":"https:\/\/www.upo.es\/diario\/?p=11061621"},"modified":"2015-11-13T07:52:46","modified_gmt":"2015-11-13T07:52:46","slug":"la-relacion-entre-cine-y-politica-sera-tratada-manana-en-la-upo-por-la-asociacion-sice","status":"publish","type":"post","link":"https:\/\/www.upo.es\/diario\/institucional\/2015\/11\/la-relacion-entre-cine-y-politica-sera-tratada-manana-en-la-upo-por-la-asociacion-sice\/","title":{"rendered":"La relaci\u00f3n entre cine y pol\u00edtica ser\u00e1 tratada hoy en la UPO por la Asociaci\u00f3n SICE"},"content":{"rendered":"<p><a href=\"https:\/\/www.upo.es\/diario\/wp-content\/uploads\/2015\/11\/cartel_cine-politica.jpg\"><img loading=\"lazy\" decoding=\"async\" class=\"alignright size-medium wp-image-11062032\" alt=\"cartel_cine-politica\" src=\"https:\/\/www.upo.es\/diario\/wp-content\/uploads\/2015\/11\/cartel_cine-politica-320x226.jpg\" width=\"320\" height=\"226\" srcset=\"https:\/\/www.upo.es\/diario\/wp-content\/uploads\/2015\/11\/cartel_cine-politica-320x226.jpg 320w, https:\/\/www.upo.es\/diario\/wp-content\/uploads\/2015\/11\/cartel_cine-politica-600x424.jpg 600w, https:\/\/www.upo.es\/diario\/wp-content\/uploads\/2015\/11\/cartel_cine-politica.jpg 1600w\" sizes=\"auto, (max-width: 320px) 100vw, 320px\" \/><\/a><strong>Nicol\u00e1s Casablanca<\/strong>, estudiante de Ciencias Pol\u00edticas y de la Administraci\u00f3n de la Universidad Pablo de Olavide y miembro de la Asociaci\u00f3n SICE, abrir\u00e1 hoy\u00a0<strong>viernes d\u00eda 13, a las 18 horas en la sala de grados del edificio 7<\/strong>, una jornada sobre cine y pol\u00edtica. En su intervenci\u00f3n tratar\u00e1 la influencia del cine en el ideario socio-pol\u00edtico de la juventud y para ello utilizar\u00e1 fragmentos de pel\u00edculas como \u2018Los miserables\u2019, \u2018Independence Day\u2019, Enrique V, la saga \u2018Star Wars\u2019, \u2018\u00bfTel\u00e9fono rojo?, volamos hacia Mosc\u00fa\u2019 y \u2018V de Vendetta\u2019. Tras su conferencia se abrir\u00e1 un debate con el p\u00fablico asistente.<\/p>\n<p>La Asociaci\u00f3n estudiantil SICE trata de fomentar el conocimiento y la participaci\u00f3n de los j\u00f3venes en la vida pol\u00edtica y para ello organiza eventos como la Simulaci\u00f3n del Congreso Espa\u00f1ol.<\/p>\n<p>&nbsp;<\/p>\n","protected":false},"excerpt":{"rendered":"<p>Nicol\u00e1s Casablanca tratar\u00e1 la influencia del cine en el ideario socio-pol\u00edtico de la juventud y para ello utilizar\u00e1 fragmentos de pel\u00edculas como \u2018Los miserables\u2019, \u2018Independence Day\u2019, Enrique V o la saga \u2018Star Wars\u2019.<\/p>\n","protected":false},"author":6,"featured_media":0,"comment_status":"closed","ping_status":"open","sticky":false,"template":"","format":"standard","meta":{"_monsterinsights_skip_tracking":false,"_monsterinsights_sitenote_active":false,"_monsterinsights_sitenote_note":"","_monsterinsights_sitenote_category":0,"footnotes":""},"categories":[6],"tags":[372,67,937,227,662,276],"class_list":["post-11061621","post","type-post","status-publish","format-standard","hentry","category-institucional","tag-asociacion","tag-ciencias-politicas-y-de-la-administracion","tag-cine","tag-conferencia","tag-debate","tag-sice"],"_links":{"self":[{"href":"https:\/\/www.upo.es\/diario\/wp-json\/wp\/v2\/posts\/11061621","targetHints":{"allow":["GET"]}}],"collection":[{"href":"https:\/\/www.upo.es\/diario\/wp-json\/wp\/v2\/posts"}],"about":[{"href":"https:\/\/www.upo.es\/diario\/wp-json\/wp\/v2\/types\/post"}],"author":[{"embeddable":true,"href":"https:\/\/www.upo.es\/diario\/wp-json\/wp\/v2\/users\/6"}],"replies":[{"embeddable":true,"href":"https:\/\/www.upo.es\/diario\/wp-json\/wp\/v2\/comments?post=11061621"}],"version-history":[{"count":3,"href":"https:\/\/www.upo.es\/diario\/wp-json\/wp\/v2\/posts\/11061621\/revisions"}],"predecessor-version":[{"id":11069811,"href":"https:\/\/www.upo.es\/diario\/wp-json\/wp\/v2\/posts\/11061621\/revisions\/11069811"}],"wp:attachment":[{"href":"https:\/\/www.upo.es\/diario\/wp-json\/wp\/v2\/media?parent=11061621"}],"wp:term":[{"taxonomy":"category","embeddable":true,"href":"https:\/\/www.upo.es\/diario\/wp-json\/wp\/v2\/categories?post=11061621"},{"taxonomy":"post_tag","embeddable":true,"href":"https:\/\/www.upo.es\/diario\/wp-json\/wp\/v2\/tags?post=11061621"}],"curies":[{"name":"wp","href":"https:\/\/api.w.org\/{rel}","templated":true}]}}