{"id":11071048,"date":"2015-11-16T06:44:34","date_gmt":"2015-11-16T06:44:34","guid":{"rendered":"https:\/\/www.upo.es\/diario\/?p=11071048"},"modified":"2015-11-16T08:15:31","modified_gmt":"2015-11-16T08:15:31","slug":"finaliza-la-semana-de-la-ciencia-en-la-upo-con-la-participacion-de-cerca-de-600-estudiantes-y-35-cientificos","status":"publish","type":"post","link":"https:\/\/www.upo.es\/diario\/ciencia\/2015\/11\/finaliza-la-semana-de-la-ciencia-en-la-upo-con-la-participacion-de-cerca-de-600-estudiantes-y-35-cientificos\/","title":{"rendered":"Finaliza la Semana de la Ciencia en la UPO con la participaci\u00f3n de cerca de 600 estudiantes y 35 cient\u00edficos"},"content":{"rendered":"<figure id=\"attachment_11071461\" aria-describedby=\"caption-attachment-11071461\" style=\"width: 600px\" class=\"wp-caption aligncenter\"><a href=\"https:\/\/www.upo.es\/diario\/wp-content\/uploads\/2015\/11\/taller_aquihayciencia.jpg\"><img loading=\"lazy\" decoding=\"async\" class=\"size-large wp-image-11071461\" alt=\"Imagen de los estudiantes en taller de biotecnolog\u00eda \u201cAqu\u00ed hay Ciencia\u201d .\" src=\"https:\/\/www.upo.es\/diario\/wp-content\/uploads\/2015\/11\/taller_aquihayciencia-600x400.jpg\" width=\"600\" height=\"400\" srcset=\"https:\/\/www.upo.es\/diario\/wp-content\/uploads\/2015\/11\/taller_aquihayciencia-600x400.jpg 600w, https:\/\/www.upo.es\/diario\/wp-content\/uploads\/2015\/11\/taller_aquihayciencia-320x213.jpg 320w\" sizes=\"auto, (max-width: 600px) 100vw, 600px\" \/><\/a><figcaption id=\"caption-attachment-11071461\" class=\"wp-caption-text\">Imagen de los estudiantes en taller de biotecnolog\u00eda \u201cAqu\u00ed hay Ciencia\u201d .<\/figcaption><\/figure>\n<p>El pasado viernes 13 de noviembre finaliz\u00f3 la <a href=\"http:\/\/www.upo.es\/otri\/contenido?pag=\/portal\/otri\/eventos\/20151019_semana_ciencia_UPO_2015&amp;vE=\">XV Semana de la Ciencia<\/a> de la Universidad Pablo de Olavide, un evento en el que desde el pasado 3 de noviembre han participado cerca de 600 estudiantes de Secundaria, Bachillerato y Ciclos Formativos, quienes han disfrutado de actividades en laboratorios, experimentos y charlas con la presencia de 35 investigadores de esta universidad y de profesionales de asociaciones cient\u00edficas.<\/p>\n<p>As\u00ed, los estudiantes han podido participar en alguno de los cinco <b>talleres<\/b> programados para disfrutar la ciencia. Para esta edici\u00f3n, la UPO ha propuesto los talleres pr\u00e1cticos de \u201cLa Ciencia de los Nutrientes\u201d, \u201cApps en Android: crea tus propias aplicaciones y juegos de m\u00f3vil\u201d, \u201cLos organismos modelo en el laboratorio: C\u00f3mo utilizar <i>C. elegans<\/i> para estudiar el sentido del olfato\u201d, \u201cLos Suelos de Sevilla\u201d,\u00a0 y el taller de biotecnolog\u00eda \u201cAqu\u00ed hay Ciencia\u201d que puso el viernes el broche final a la Semana de la Ciencia de la Universidad Pablo de Olavide. En esta \u00faltima actividad, organizada por la Asociaci\u00f3n de Biotecn\u00f3logos de Andaluc\u00eda (AsBAn), los estudiantes han tenido la oportunidad de convertirse en biotecn\u00f3logos por un d\u00eda a trav\u00e9s de los talleres \u201cExtracci\u00f3n de ADN vegetal\u201d, \u201cApocalipsis zombie: identificaci\u00f3n del paciente cero\u201d, y \u201cDescifrando el ADN\u201d.<\/p>\n<p>Por otra parte, en la actividad <b>Caf\u00e9 con Ciencia<\/b>, los estudiantes han asistido a charlas con cient\u00edficos de la UPO sobre temas tan diversos como la gen\u00e9tica, la neurociencia, la historia, la ecolog\u00eda, la econom\u00eda, la pol\u00edtica, la ling\u00fc\u00edstica o la inform\u00e1tica. Caf\u00e9 con Ciencia es una iniciativa de la <a href=\"https:\/\/fundaciondescubre.es\/\">Fundaci\u00f3n Descubre<\/a>, en colaboraci\u00f3n con las principales entidades de investigaci\u00f3n y divulgaci\u00f3n de la regi\u00f3n.<\/p>\n<p>Tambi\u00e9n el <b>Centro Andaluz de Biolog\u00eda del Desarrollo<\/b> (centro mixto de la UPO, el CSIC y la Junta de Andaluc\u00eda) se ha sumado un a\u00f1o m\u00e1s a la Semana de la Ciencia abriendo sus puertas y ofreciendo a los j\u00f3venes la oportunidad de experimentar en sus laboratorios.<\/p>\n<p>La Semana de la Ciencia en Andaluc\u00eda est\u00e1 organizada por la <a href=\"http:\/\/www.juntadeandalucia.es\/organismos\/economiayconocimiento.html\">Consejer\u00eda de Econom\u00eda y Conocimiento<\/a> y coordinada por la <a href=\"http:\/\/fundaciondescubre.es\/\">Fundaci\u00f3n Descubre<\/a>. Supone el mayor evento de comunicaci\u00f3n social de la ciencia y la tecnolog\u00eda que se celebra en la comunidad y ha contado en esta edici\u00f3n con 446 actividades. Por provincias, Almer\u00eda ha organizado 55 actividades, C\u00e1diz 32, C\u00f3rdoba 23, Granada 191, Huelva 15, Ja\u00e9n 40, M\u00e1laga 34 y Sevilla 56.<\/p>\n<p>Durante esta quincena, 135 instituciones entre universidades, centros de investigaci\u00f3n, parques tecnol\u00f3gicos, institutos, museos y otros centros divulgativos de Andaluc\u00eda, han organizado exposiciones, cursos, visitas, talleres, mesas redondas, excursiones o conferencias, acercando al p\u00fablico en general su quehacer diario, tanto sus aspectos m\u00e1s llamativos como los m\u00e1s desconocidos.<\/p>\n<p>En la Universidad Pablo de Olavide, la Semana de la Ciencia est\u00e1 organizada por la <a href=\"http:\/\/www.upo.es\/otri\/portada\">Oficina de Transferencia de Resultados de Investigaci\u00f3n<\/a> (OTRI) del Vicerrectorado de Investigaci\u00f3n y Transferencia de Tecnolog\u00eda de la UPO en colaboraci\u00f3n con el <a href=\"http:\/\/www.cabd.es\/\">Centro Andaluz de Biolog\u00eda del Desarrollo<\/a> (CABD), la <a href=\"https:\/\/www.upo.es\/asociaciones\/asban\">Asociaci\u00f3n de Biotecn\u00f3logos de Andaluc\u00eda<\/a> (ASBAN)\u00a0 la <a href=\"http:\/\/caminosyciencia.com\/\">Asociaci\u00f3n Caminos y Ciencia<\/a> y la Fundaci\u00f3n Descubre.<\/p>\n<p><a title=\"Semana de la Ciencia\" href=\"https:\/\/www.flickr.com\/photos\/pablodeolavide\/albums\/72157660774911015\" data-flickr-embed=\"true\"><img loading=\"lazy\" decoding=\"async\" alt=\"Semana de la Ciencia\" src=\"https:\/\/farm6.staticflickr.com\/5814\/22721353356_0718f46b5f.jpg\" width=\"500\" height=\"333\" \/><\/a><script charset=\"utf-8\" type=\"text\/javascript\" src=\"\/\/embedr.flickr.com\/assets\/client-code.js\" async=\"\"><\/script><\/p>\n","protected":false},"excerpt":{"rendered":"<p>El pasado  viernes 13 de noviembre finaliz\u00f3 la XV Semana de la Ciencia de la Universidad Pablo de Olavide, un evento en el que desde el pasado 3 de noviembre han participado cerca de 600 estudiantes de Secundaria, Bachillerato y Ciclos Formativos, quienes han disfrutado de actividades en laboratorios, experimentos y charlas con la presencia de 35 investigadores de esta universidad y de profesionales de asociaciones cient\u00edficas.<\/p>\n","protected":false},"author":2,"featured_media":0,"comment_status":"closed","ping_status":"open","sticky":false,"template":"","format":"standard","meta":{"_monsterinsights_skip_tracking":false,"_monsterinsights_sitenote_active":false,"_monsterinsights_sitenote_note":"","_monsterinsights_sitenote_category":0,"footnotes":""},"categories":[3],"tags":[644,121,1783,5833,970,21,734,207,83,1382,969,549],"class_list":["post-11071048","post","type-post","status-publish","format-standard","hentry","category-ciencia","tag-bachillerato","tag-biotecnologia","tag-ciclos-formativos","tag-ciencia","tag-divulgacion","tag-estudiantes","tag-investigadores","tag-laboratorio","tag-otri","tag-secundaria","tag-semana-de-la-ciencia","tag-talleres"],"_links":{"self":[{"href":"https:\/\/www.upo.es\/diario\/wp-json\/wp\/v2\/posts\/11071048","targetHints":{"allow":["GET"]}}],"collection":[{"href":"https:\/\/www.upo.es\/diario\/wp-json\/wp\/v2\/posts"}],"about":[{"href":"https:\/\/www.upo.es\/diario\/wp-json\/wp\/v2\/types\/post"}],"author":[{"embeddable":true,"href":"https:\/\/www.upo.es\/diario\/wp-json\/wp\/v2\/users\/2"}],"replies":[{"embeddable":true,"href":"https:\/\/www.upo.es\/diario\/wp-json\/wp\/v2\/comments?post=11071048"}],"version-history":[{"count":5,"href":"https:\/\/www.upo.es\/diario\/wp-json\/wp\/v2\/posts\/11071048\/revisions"}],"predecessor-version":[{"id":11099838,"href":"https:\/\/www.upo.es\/diario\/wp-json\/wp\/v2\/posts\/11071048\/revisions\/11099838"}],"wp:attachment":[{"href":"https:\/\/www.upo.es\/diario\/wp-json\/wp\/v2\/media?parent=11071048"}],"wp:term":[{"taxonomy":"category","embeddable":true,"href":"https:\/\/www.upo.es\/diario\/wp-json\/wp\/v2\/categories?post=11071048"},{"taxonomy":"post_tag","embeddable":true,"href":"https:\/\/www.upo.es\/diario\/wp-json\/wp\/v2\/tags?post=11071048"}],"curies":[{"name":"wp","href":"https:\/\/api.w.org\/{rel}","templated":true}]}}