{"id":11071884,"date":"2015-11-13T13:18:41","date_gmt":"2015-11-13T13:18:41","guid":{"rendered":"https:\/\/www.upo.es\/diario\/?p=11071884"},"modified":"2015-11-13T13:18:41","modified_gmt":"2015-11-13T13:18:41","slug":"entrega-del-premio-rosario-valpuesta-al-director-argentino-santiago-mitre","status":"publish","type":"post","link":"https:\/\/www.upo.es\/diario\/cultura\/2015\/11\/entrega-del-premio-rosario-valpuesta-al-director-argentino-santiago-mitre\/","title":{"rendered":"Entrega del Premio Rosario Valpuesta al director argentino Santiago Mitre"},"content":{"rendered":"<figure id=\"attachment_11002198\" aria-describedby=\"caption-attachment-11002198\" style=\"width: 600px\" class=\"wp-caption aligncenter\"><a href=\"https:\/\/www.upo.es\/diario\/wp-content\/uploads\/2015\/11\/SANTIAGO-MITRE-4-\u00a9-LINA-ETCHESURI.jpg.jpg\"><img loading=\"lazy\" decoding=\"async\" class=\"size-large wp-image-11002198\" alt=\"Santiago Mitre \u00a9 Lina Etchesuri\" src=\"https:\/\/www.upo.es\/diario\/wp-content\/uploads\/2015\/11\/SANTIAGO-MITRE-4-\u00a9-LINA-ETCHESURI.jpg-600x400.jpg\" width=\"600\" height=\"400\" srcset=\"https:\/\/www.upo.es\/diario\/wp-content\/uploads\/2015\/11\/SANTIAGO-MITRE-4-\u00a9-LINA-ETCHESURI.jpg-600x400.jpg 600w, https:\/\/www.upo.es\/diario\/wp-content\/uploads\/2015\/11\/SANTIAGO-MITRE-4-\u00a9-LINA-ETCHESURI.jpg-320x213.jpg 320w\" sizes=\"auto, (max-width: 600px) 100vw, 600px\" \/><\/a><figcaption id=\"caption-attachment-11002198\" class=\"wp-caption-text\">Santiago Mitre \u00a9 Lina Etchesuri<\/figcaption><\/figure>\n<p>En el marco de la gala de clausura del <b>Festival de Cine Europeo de Sevilla<\/b> (SEFF), que se celebrar\u00e1 ma\u00f1ana s\u00e1bado 14 de noviembre, a las 21:00 horas en el Teatro Lope de Vega, tendr\u00e1 lugar la entrega del <b>II Premio Rosario Valpuesta<\/b>, otorgado por la Universidad Pablo de Olavide en colaboraci\u00f3n con el SEFF y que este a\u00f1o ha reca\u00eddo en director argentino <b>Santiago Mitre. <\/b>Asistir\u00e1 al acto la vicerrectora de Internacionalizaci\u00f3n y Comunicaci\u00f3n de la UPO Pilar Rodr\u00edguez Reina.<\/p>\n<p>Con fin de difundir la obra solidaria, los valores y el legado intelectual de la que fuera rectora de la Universidad Pablo de Olavide, este premio se entrega a un cineasta de entre la selecci\u00f3n de pel\u00edculas del festival cuya obra destaque en el \u00e1mbito de la integraci\u00f3n social y promueva y difunda la protecci\u00f3n de los derechos humanos. Santiago Mitre, cuyo film \u201c<a href=\"https:\/\/www.youtube.com\/watch?v=zKbjyyIolhY\">Paulina<\/a>\u201d ha sido proyectado en la secci\u00f3n Special Screening del SEFF, encabeza el jurado internacional que otorga los premios de la Secci\u00f3n Oficial en esta duod\u00e9cima edici\u00f3n del festival. El premio est\u00e1 dotado con 3.000 euros<\/p>\n<p>Santiago Mitre visit\u00f3 el pasado lunes la Universidad Pablo de Olavide y protagoniz\u00f3 un encuentro con el p\u00fablico despu\u00e9s de la proyecci\u00f3n de su pel\u00edcula \u201cEl estudiante\u201d.<\/p>\n<p>La obra de Santiago Mitre se acerca a los v\u00e9rtices m\u00e1s inc\u00f3modos de los temas que trata en sus pel\u00edculas, films de marcado car\u00e1cter social e universales desde su localismo. \u201cEl estudiante\u201d (2011) es un retrato sobre la universidad p\u00fablica, su funcionamiento y sobre la militancia dentro de la instituci\u00f3n. Obra a la que le sigue \u201cLos posibles\u201d (2013), codirigida con Juan Onofri Barbato, un trabajo que trata de acercar a j\u00f3venes en situaci\u00f3n de vulnerabilidad social al mundo del arte a trav\u00e9s de la danza. Su \u00faltimo film, \u201cPaulina\u201d, premiado en Cannes y San Sebasti\u00e1n, trata sobre el poder de los ideales humanos y la \u00e9tica a trav\u00e9s de la historia de una joven que lo abandona todo para ejercer de docente en una desfavorecida regi\u00f3n argentina.<\/p>\n<p>La participaci\u00f3n de la Universidad Pablo de Olavide en el Festival de Cine Europeo de Sevilla se completa con la celebraci\u00f3n del D\u00eda de la Lengua Italiana, junto con el Centro Cultural Italiano de Sevilla, y la realizaci\u00f3n de pr\u00e1cticas formativas de ocho estudiantes de la Facultad de Humanidades de la UPO, quienes han realizado tareas dentro del departamento de relaciones p\u00fablicas y han llevado a cabo labores de traducci\u00f3n para los encuentros con invitados extranjeros.<\/p>\n<p>El <a href=\"http:\/\/festivalcinesevilla.eu\/es\/\">Festival de Cine Europeo de Sevilla<\/a> celebra su XII Edici\u00f3n del 6 al 14 de noviembre.<\/p>\n","protected":false},"excerpt":{"rendered":"<p>En el marco de la gala de clausura del Festival de Cine Europeo de Sevilla (SEFF), que se celebrar\u00e1 ma\u00f1ana s\u00e1bado 14 de noviembre, a las 21:00 horas en el Teatro Lope de Vega, tendr\u00e1 lugar la entrega del II Premio Rosario Valpuesta, otorgado por la Universidad Pablo de Olavide en colaboraci\u00f3n con el SEFF y que este a\u00f1o ha reca\u00eddo en director argentino Santiago Mitre. Asistir\u00e1 al acto la vicerrectora de Internacionalizaci\u00f3n y Comunicaci\u00f3n de la UPO Pilar Rodr\u00edguez Reina.<\/p>\n","protected":false},"author":2,"featured_media":0,"comment_status":"closed","ping_status":"open","sticky":false,"template":"","format":"standard","meta":{"_monsterinsights_skip_tracking":false,"_monsterinsights_sitenote_active":false,"_monsterinsights_sitenote_note":"","_monsterinsights_sitenote_category":0,"footnotes":""},"categories":[7],"tags":[937,2718,21,1951,2015],"class_list":["post-11071884","post","type-post","status-publish","format-standard","hentry","category-cultura","tag-cine","tag-cineasta","tag-estudiantes","tag-festival-de-cine-europeo-de-sevilla","tag-premio-rosario-valpuesta"],"_links":{"self":[{"href":"https:\/\/www.upo.es\/diario\/wp-json\/wp\/v2\/posts\/11071884","targetHints":{"allow":["GET"]}}],"collection":[{"href":"https:\/\/www.upo.es\/diario\/wp-json\/wp\/v2\/posts"}],"about":[{"href":"https:\/\/www.upo.es\/diario\/wp-json\/wp\/v2\/types\/post"}],"author":[{"embeddable":true,"href":"https:\/\/www.upo.es\/diario\/wp-json\/wp\/v2\/users\/2"}],"replies":[{"embeddable":true,"href":"https:\/\/www.upo.es\/diario\/wp-json\/wp\/v2\/comments?post=11071884"}],"version-history":[{"count":1,"href":"https:\/\/www.upo.es\/diario\/wp-json\/wp\/v2\/posts\/11071884\/revisions"}],"predecessor-version":[{"id":11071885,"href":"https:\/\/www.upo.es\/diario\/wp-json\/wp\/v2\/posts\/11071884\/revisions\/11071885"}],"wp:attachment":[{"href":"https:\/\/www.upo.es\/diario\/wp-json\/wp\/v2\/media?parent=11071884"}],"wp:term":[{"taxonomy":"category","embeddable":true,"href":"https:\/\/www.upo.es\/diario\/wp-json\/wp\/v2\/categories?post=11071884"},{"taxonomy":"post_tag","embeddable":true,"href":"https:\/\/www.upo.es\/diario\/wp-json\/wp\/v2\/tags?post=11071884"}],"curies":[{"name":"wp","href":"https:\/\/api.w.org\/{rel}","templated":true}]}}