{"id":11100675,"date":"2015-11-16T10:35:06","date_gmt":"2015-11-16T10:35:06","guid":{"rendered":"https:\/\/www.upo.es\/diario\/?p=11100675"},"modified":"2015-11-17T08:01:47","modified_gmt":"2015-11-17T08:01:47","slug":"concentracion-silenciosa-en-la-upo-en-repulsa-por-los-atentados-en-paris","status":"publish","type":"post","link":"https:\/\/www.upo.es\/diario\/institucional\/2015\/11\/concentracion-silenciosa-en-la-upo-en-repulsa-por-los-atentados-en-paris\/","title":{"rendered":"Concentraci\u00f3n silenciosa en la UPO  en repulsa por los atentados en Par\u00eds"},"content":{"rendered":"<figure id=\"attachment_11101938\" aria-describedby=\"caption-attachment-11101938\" style=\"width: 600px\" class=\"wp-caption aligncenter\"><a href=\"https:\/\/www.upo.es\/diario\/wp-content\/uploads\/2015\/11\/Concentracion-Paris_16_11_2015.jpg\"><img loading=\"lazy\" decoding=\"async\" class=\"size-large wp-image-11101938\" alt=\"La estudiante Erasmus Elisa Mart\u00ednez ha le\u00eddo el poema franc\u00e9s \u201cLibert\u00e9\u201d\" src=\"https:\/\/www.upo.es\/diario\/wp-content\/uploads\/2015\/11\/Concentracion-Paris_16_11_2015-600x400.jpg\" width=\"600\" height=\"400\" srcset=\"https:\/\/www.upo.es\/diario\/wp-content\/uploads\/2015\/11\/Concentracion-Paris_16_11_2015-600x400.jpg 600w, https:\/\/www.upo.es\/diario\/wp-content\/uploads\/2015\/11\/Concentracion-Paris_16_11_2015-320x213.jpg 320w\" sizes=\"auto, (max-width: 600px) 100vw, 600px\" \/><\/a><figcaption id=\"caption-attachment-11101938\" class=\"wp-caption-text\">La estudiante Erasmus Elisa Mart\u00ednez ha le\u00eddo el poema franc\u00e9s \u201cLibert\u00e9\u201d<\/figcaption><\/figure>\n<p style=\"text-align: justify;\">Estudiantes, profesores y profesionales de la administraci\u00f3n de la Universidad Pablo de Olavide se han sumado este mediod\u00eda en la Plaza de Am\u00e9rica, frente a la puerta del Rectorado Rosario Valpuesta, a la concentraci\u00f3n silenciosa de cinco minutos convocada por el rector Vicente Guzm\u00e1n y por las secciones sindicales de CC.OO, UGT y CSIF, para mostrar la repulsa de esta instituci\u00f3n a los atentados cometidos en Par\u00eds.<\/p>\n<p style=\"text-align: justify;\">Esta concentraci\u00f3n, en recuerdo de las v\u00edctimas de los atentados de Par\u00eds, quiere mostrar la solidaridad de la comunidad universitaria de la Universidad Pablo de Olavide con todas las v\u00edctimas y vecinos de Par\u00eds.<\/p>\n<p style=\"text-align: justify;\">Tras los cinco minutos de silencio, la estudiante Erasmus Elisa Mart\u00ednez ha le\u00eddo el poema franc\u00e9s \u201cLibert\u00e9\u201d. Las banderas de la Universidad permanecer\u00e1n a media asta desde el d\u00eda de hoy hasta el mi\u00e9rcoles 18 de noviembre en se\u00f1al de duelo.<\/p>\n","protected":false},"excerpt":{"rendered":"<p>Estudiantes, profesores y profesionales de la administraci\u00f3n de la Universidad Pablo de Olavide se han sumado este mediod\u00eda en la Plaza de Am\u00e9rica, frente a la puerta del Rectorado Rosario Valpuesta, a la concentraci\u00f3n silenciosa de cinco minutos convocada por el rector Vicente Guzm\u00e1n y por las secciones sindicales de CC.OO, UGT y CSIF, para mostrar la repulsa de esta instituci\u00f3n a los atentados cometidos en Par\u00eds.<\/p>\n","protected":false},"author":4,"featured_media":0,"comment_status":"closed","ping_status":"open","sticky":false,"template":"","format":"standard","meta":{"_monsterinsights_skip_tracking":false,"_monsterinsights_sitenote_active":false,"_monsterinsights_sitenote_note":"","_monsterinsights_sitenote_category":0,"footnotes":""},"categories":[6],"tags":[2772,939,2771,38,482],"class_list":["post-11100675","post","type-post","status-publish","format-standard","hentry","category-institucional","tag-atentados","tag-concentracion","tag-paris","tag-rector","tag-terrorismo"],"_links":{"self":[{"href":"https:\/\/www.upo.es\/diario\/wp-json\/wp\/v2\/posts\/11100675","targetHints":{"allow":["GET"]}}],"collection":[{"href":"https:\/\/www.upo.es\/diario\/wp-json\/wp\/v2\/posts"}],"about":[{"href":"https:\/\/www.upo.es\/diario\/wp-json\/wp\/v2\/types\/post"}],"author":[{"embeddable":true,"href":"https:\/\/www.upo.es\/diario\/wp-json\/wp\/v2\/users\/4"}],"replies":[{"embeddable":true,"href":"https:\/\/www.upo.es\/diario\/wp-json\/wp\/v2\/comments?post=11100675"}],"version-history":[{"count":5,"href":"https:\/\/www.upo.es\/diario\/wp-json\/wp\/v2\/posts\/11100675\/revisions"}],"predecessor-version":[{"id":11110666,"href":"https:\/\/www.upo.es\/diario\/wp-json\/wp\/v2\/posts\/11100675\/revisions\/11110666"}],"wp:attachment":[{"href":"https:\/\/www.upo.es\/diario\/wp-json\/wp\/v2\/media?parent=11100675"}],"wp:term":[{"taxonomy":"category","embeddable":true,"href":"https:\/\/www.upo.es\/diario\/wp-json\/wp\/v2\/categories?post=11100675"},{"taxonomy":"post_tag","embeddable":true,"href":"https:\/\/www.upo.es\/diario\/wp-json\/wp\/v2\/tags?post=11100675"}],"curies":[{"name":"wp","href":"https:\/\/api.w.org\/{rel}","templated":true}]}}