{"id":11122378,"date":"2015-11-18T12:45:12","date_gmt":"2015-11-18T12:45:12","guid":{"rendered":"https:\/\/www.upo.es\/diario\/?p=11122378"},"modified":"2015-11-23T13:25:46","modified_gmt":"2015-11-23T13:25:46","slug":"exposicion-de-fotografias-guatemala-tu-nombre-inmortal-en-el-archivo-de-indias","status":"publish","type":"post","link":"https:\/\/www.upo.es\/diario\/cultura\/2015\/11\/exposicion-de-fotografias-guatemala-tu-nombre-inmortal-en-el-archivo-de-indias\/","title":{"rendered":"Exposici\u00f3n de fotograf\u00edas \u201cGuatemala\u2026 tu nombre inmortal\u201d, en el Archivo de Indias"},"content":{"rendered":"<figure id=\"attachment_11123200\" aria-describedby=\"caption-attachment-11123200\" style=\"width: 320px\" class=\"wp-caption alignright\"><a href=\"https:\/\/www.upo.es\/diario\/wp-content\/uploads\/2015\/11\/expo_guatemala.jpg\"><img loading=\"lazy\" decoding=\"async\" class=\"size-medium wp-image-11123200\" alt=\"Exposici\u00f3n Guatemala\" src=\"https:\/\/www.upo.es\/diario\/wp-content\/uploads\/2015\/11\/expo_guatemala-320x203.jpg\" width=\"320\" height=\"203\" srcset=\"https:\/\/www.upo.es\/diario\/wp-content\/uploads\/2015\/11\/expo_guatemala-320x203.jpg 320w, https:\/\/www.upo.es\/diario\/wp-content\/uploads\/2015\/11\/expo_guatemala-600x382.jpg 600w\" sizes=\"auto, (max-width: 320px) 100vw, 320px\" \/><\/a><figcaption id=\"caption-attachment-11123200\" class=\"wp-caption-text\">La muestra de im\u00e1genes del pa\u00eds guatemalteco est\u00e1 abierta hasta el 13 de diciembre<\/figcaption><\/figure>\n<p style=\"text-align: justify;\">En el Archivo General de Indias puede visitarse la exposici\u00f3n de fotograf\u00edas \u201cGuatemala\u2026 tu nombre inmortal\u201d en homenaje a la Capitalidad Iberoamericana de la Cultura 2015 de Guatemala, que est\u00e1 abierta hasta el 13 de diciembre. El horario de visita es de lunes a s\u00e1bado de 9.30 a 16.45 horas y domingos y festivos de 10.00 a 14.00 horas.<\/p>\n<p style=\"text-align: justify;\">La exposici\u00f3n muestra una selecci\u00f3n de im\u00e1genes del pa\u00eds guatemalteco entre los a\u00f1os treinta y setenta del pasado siglo, pertenecientes a la colecci\u00f3n de fotograf\u00edas de Arte Iberoamericano conservadas en el Archivo del Centro de Ciencia Humanas y Sociales del Centro Superior de Investigaciones Cient\u00edficas (CSIC). Tanto las fotograf\u00edas de Guatemala como las del resto de pa\u00edses que conforman la colecci\u00f3n fueron en su mayor\u00eda legadas por los investigadores Diego Angulo \u00cd\u00f1iguez y Enrique Marco Dorta, aunque tambi\u00e9n disponen de im\u00e1genes de otros investigadores y fot\u00f3grafos como Eichenberger, en el caso de Guatemala.<\/p>\n<p style=\"text-align: justify;\">Esta exposici\u00f3n de fotograf\u00edas se enmarca en el I Simposio Internacional \u201cCentroam\u00e9rica. Patrimonio Vivo\u201d celebrado del 11 al 13 de noviembre y organizado por el \u00c1rea de Historia del Arte de la Universidad Pablo de Olavide; el CEI CamBio; #istmo, Red de Patrimonio Cultural de los Pa\u00edses Centroamericanos; el Doctorado de Historia y Estudios Human\u00edsticos: Europa, Am\u00e9rica y Arte y Lenguas; EnredARS, y la Escuela de Estudios Hispanoamericanos de Sevilla y el Instituto de Historia de Madrid del CSIC.<\/p>\n<p style=\"text-align: justify;\">\n<p>&nbsp;<\/p>\n","protected":false},"excerpt":{"rendered":"<p>En el Archivo General de Indias puede visitarse la exposici\u00f3n de fotograf\u00edas \u201cGuatemala\u2026 tu nombre inmortal\u201d en homenaje a la Capitalidad Iberoamericana de la Cultura 2015 de Guatemala, que est\u00e1 abierta hasta el 13 de diciembre. El horario de visita es de lunes a s\u00e1bado de 9.30 a 16.45 horas y domingos y festivos de 10.00 a 14.00 horas.<\/p>\n","protected":false},"author":4,"featured_media":0,"comment_status":"closed","ping_status":"open","sticky":false,"template":"","format":"standard","meta":{"_monsterinsights_skip_tracking":false,"_monsterinsights_sitenote_active":false,"_monsterinsights_sitenote_note":"","_monsterinsights_sitenote_category":0,"footnotes":""},"categories":[7],"tags":[2765,74,2764,425],"class_list":["post-11122378","post","type-post","status-publish","format-standard","hentry","category-cultura","tag-archivo-de-indias","tag-exposiciones","tag-fotografias","tag-guatemala"],"_links":{"self":[{"href":"https:\/\/www.upo.es\/diario\/wp-json\/wp\/v2\/posts\/11122378","targetHints":{"allow":["GET"]}}],"collection":[{"href":"https:\/\/www.upo.es\/diario\/wp-json\/wp\/v2\/posts"}],"about":[{"href":"https:\/\/www.upo.es\/diario\/wp-json\/wp\/v2\/types\/post"}],"author":[{"embeddable":true,"href":"https:\/\/www.upo.es\/diario\/wp-json\/wp\/v2\/users\/4"}],"replies":[{"embeddable":true,"href":"https:\/\/www.upo.es\/diario\/wp-json\/wp\/v2\/comments?post=11122378"}],"version-history":[{"count":4,"href":"https:\/\/www.upo.es\/diario\/wp-json\/wp\/v2\/posts\/11122378\/revisions"}],"predecessor-version":[{"id":11175146,"href":"https:\/\/www.upo.es\/diario\/wp-json\/wp\/v2\/posts\/11122378\/revisions\/11175146"}],"wp:attachment":[{"href":"https:\/\/www.upo.es\/diario\/wp-json\/wp\/v2\/media?parent=11122378"}],"wp:term":[{"taxonomy":"category","embeddable":true,"href":"https:\/\/www.upo.es\/diario\/wp-json\/wp\/v2\/categories?post=11122378"},{"taxonomy":"post_tag","embeddable":true,"href":"https:\/\/www.upo.es\/diario\/wp-json\/wp\/v2\/tags?post=11122378"}],"curies":[{"name":"wp","href":"https:\/\/api.w.org\/{rel}","templated":true}]}}