{"id":11144539,"date":"2015-11-20T13:42:45","date_gmt":"2015-11-20T13:42:45","guid":{"rendered":"https:\/\/www.upo.es\/diario\/?p=11144539"},"modified":"2015-11-20T13:43:59","modified_gmt":"2015-11-20T13:43:59","slug":"la-fundacion-tres-culturas-selecciona-cuatro-participantes-para-el-proyecto-plus-politicians-listening-to-us","status":"publish","type":"post","link":"https:\/\/www.upo.es\/diario\/infoupo\/2015\/11\/la-fundacion-tres-culturas-selecciona-cuatro-participantes-para-el-proyecto-plus-politicians-listening-to-us\/","title":{"rendered":"La Fundaci\u00f3n Tres Culturas selecciona cuatro participantes para el Proyecto PLUS, \u2018Politicians Listening to Us\u2019"},"content":{"rendered":"<p>La <a href=\"http:\/\/www.tresculturas.org\/\">Fundaci\u00f3n Tres Culturas del Mediterr\u00e1neo<\/a> selecciona a los cuatro participantes de Espa\u00f1a que integrar\u00e1n el grupo de trabajo del <b>proyecto PLUS (<i>Politicians Listening to Us<\/i>). <\/b>Este proyecto se enmarca en el programa europeo Erasmus+ y cuenta con un consorcio integrado por 10 pa\u00edses del Mediterr\u00e1neo. Las becas van dirigidas a j\u00f3venes de entre 20 y 30 a\u00f1os de nacionalidad espa\u00f1ola, con conocimiento de ingl\u00e9s y\u00a0 motivados en participar en un proyecto de car\u00e1cter internacional donde se abordar\u00e1n las medidas pol\u00edticas que apoyan el crecimiento de la econom\u00eda social.<\/p>\n<p>El Proyecto PLUS, liderado por la Fundaci\u00f3n Tres Culturas y en el que participar\u00e1n cuatro j\u00f3venes de cada pa\u00eds \u2013B\u00e9lgica, Egipto, Francia, Israel, Italia, Marruecos, Portugal, T\u00fanez, Turqu\u00eda y Espa\u00f1a\u2013 tiene como objetivo posibilitar el di\u00e1logo entre la juventud y los responsables pol\u00edticos para que la voz de estos sea tenida en cuenta en la toma de decisiones. El tema que se abordar\u00e1 ser\u00e1n las medidas pol\u00edticas que favorecen, en los distintos pa\u00edses, la econom\u00eda social como motor de desarrollo sostenible a largo plazo.<\/p>\n<p>De enero a mayo de 2016 los participantes preparar\u00e1n el encuentro internacional document\u00e1ndose sobre el apoyo de las pol\u00edticas espa\u00f1olas al desarrollo de la econom\u00eda social. Los resultados se pondr\u00e1n en com\u00fan en el encuentro internacional que tendr\u00e1 lugar en Sevilla del 17 al 24 de julio.<\/p>\n<p><b>El plazo para presentar las solicitudes concluye el 4 de diciembre de 2015, a las 14 horas.<\/b><\/p>\n<p>M\u00e1s informaci\u00f3n e inscripciones en <a href=\"http:\/\/www.tresculturas.org\/noticia\/fundacion-tres-culturas-selecciona-cuatro-participantes-para-el-proyecto-plus\/\">www.tresculturas.org<\/a><\/p>\n","protected":false},"excerpt":{"rendered":"<p>El Proyecto PLUS, liderado por la Fundaci\u00f3n Tres Culturas y en el que participar\u00e1n cuatro j\u00f3venes de cada pa\u00eds \u2013B\u00e9lgica, Egipto, Francia, Israel, Italia, Marruecos, Portugal, T\u00fanez, Turqu\u00eda y Espa\u00f1a\u2013 tiene como objetivo posibilitar el di\u00e1logo entre la juventud y los responsables pol\u00edticos para que la voz de estos sea tenida en cuenta en la toma de decisiones. <\/p>\n","protected":false},"author":6,"featured_media":0,"comment_status":"closed","ping_status":"open","sticky":false,"template":"","format":"standard","meta":{"_monsterinsights_skip_tracking":false,"_monsterinsights_sitenote_active":false,"_monsterinsights_sitenote_note":"","_monsterinsights_sitenote_category":0,"footnotes":""},"categories":[5],"tags":[63,2436,846,21,454,503,446,457,903],"class_list":["post-11144539","post","type-post","status-publish","format-standard","hentry","category-infoupo","tag-economia","tag-economia-social","tag-erasmus","tag-estudiantes","tag-europa","tag-fundacion","tag-internacional","tag-juventud","tag-mediterraneo"],"_links":{"self":[{"href":"https:\/\/www.upo.es\/diario\/wp-json\/wp\/v2\/posts\/11144539","targetHints":{"allow":["GET"]}}],"collection":[{"href":"https:\/\/www.upo.es\/diario\/wp-json\/wp\/v2\/posts"}],"about":[{"href":"https:\/\/www.upo.es\/diario\/wp-json\/wp\/v2\/types\/post"}],"author":[{"embeddable":true,"href":"https:\/\/www.upo.es\/diario\/wp-json\/wp\/v2\/users\/6"}],"replies":[{"embeddable":true,"href":"https:\/\/www.upo.es\/diario\/wp-json\/wp\/v2\/comments?post=11144539"}],"version-history":[{"count":3,"href":"https:\/\/www.upo.es\/diario\/wp-json\/wp\/v2\/posts\/11144539\/revisions"}],"predecessor-version":[{"id":11144960,"href":"https:\/\/www.upo.es\/diario\/wp-json\/wp\/v2\/posts\/11144539\/revisions\/11144960"}],"wp:attachment":[{"href":"https:\/\/www.upo.es\/diario\/wp-json\/wp\/v2\/media?parent=11144539"}],"wp:term":[{"taxonomy":"category","embeddable":true,"href":"https:\/\/www.upo.es\/diario\/wp-json\/wp\/v2\/categories?post=11144539"},{"taxonomy":"post_tag","embeddable":true,"href":"https:\/\/www.upo.es\/diario\/wp-json\/wp\/v2\/tags?post=11144539"}],"curies":[{"name":"wp","href":"https:\/\/api.w.org\/{rel}","templated":true}]}}