{"id":11175137,"date":"2015-11-23T13:12:02","date_gmt":"2015-11-23T13:12:02","guid":{"rendered":"https:\/\/www.upo.es\/diario\/?p=11175137"},"modified":"2015-11-25T09:28:48","modified_gmt":"2015-11-25T09:28:48","slug":"la-nadadora-marta-gomez-batelli-recibe-la-beca-fundacion-iberdrola-para-deportistas-universitarios-paralimpicos","status":"publish","type":"post","link":"https:\/\/www.upo.es\/diario\/deportes\/2015\/11\/la-nadadora-marta-gomez-batelli-recibe-la-beca-fundacion-iberdrola-para-deportistas-universitarios-paralimpicos\/","title":{"rendered":"La nadadora Marta G\u00f3mez Batelli recibe la Beca Iberdrola para deportistas universitarios paral\u00edmpicos"},"content":{"rendered":"<figure id=\"attachment_11175138\" aria-describedby=\"caption-attachment-11175138\" style=\"width: 600px\" class=\"wp-caption aligncenter\"><a href=\"https:\/\/www.upo.es\/diario\/wp-content\/uploads\/2015\/11\/marta_gomez_battelli.jpg\"><img loading=\"lazy\" decoding=\"async\" class=\"size-large wp-image-11175138\" alt=\"Marta G\u00f3mez Batelli,\" src=\"https:\/\/www.upo.es\/diario\/wp-content\/uploads\/2015\/11\/marta_gomez_battelli-600x400.jpg\" width=\"600\" height=\"400\" srcset=\"https:\/\/www.upo.es\/diario\/wp-content\/uploads\/2015\/11\/marta_gomez_battelli-600x400.jpg 600w, https:\/\/www.upo.es\/diario\/wp-content\/uploads\/2015\/11\/marta_gomez_battelli-320x213.jpg 320w, https:\/\/www.upo.es\/diario\/wp-content\/uploads\/2015\/11\/marta_gomez_battelli.jpg 1024w\" sizes=\"auto, (max-width: 600px) 100vw, 600px\" \/><\/a><figcaption id=\"caption-attachment-11175138\" class=\"wp-caption-text\">Marta G\u00f3mez Batelli,<\/figcaption><\/figure>\n<p>Marta G\u00f3mez Batelli, nadadora sevillana con discapacidad visual es una de los 13 deportistas paral\u00edmpicas que est\u00e1n cursando estudios universitarios que se beneficiar\u00e1n en este curso 2015-2016 de las Becas Iberdrola. La nadadora paral\u00edmpica estudia este curso el grado en Relaciones Laborales y Recursos Humanos de la Universidad Pablo de Olavide de Sevilla.<\/p>\n<p>Iberdrola, que apoya el Plan ADOP del Comit\u00e9 Paral\u00edmpico Espa\u00f1ol, convoca anualmente las becas para deportistas universitarios que compaginan sus estudios con el deporte paral\u00edmpico de alto nivel.<\/p>\n<p>Tal y como ha acordado la comisi\u00f3n de seguimiento del convenio de colaboraci\u00f3n entre Iberdrola, el Consejo Superior de Deportes, la Secretar\u00eda de Estado de Servicios Sociales e Igualdad y el Comit\u00e9 Paral\u00edmpico Espa\u00f1ol, trece deportistas recibir\u00e1n la beca, de los cuales tres recibir\u00e1n la beca completa para el curso universitario, mientras que otros diez compartir\u00e1n la cuant\u00eda.<\/p>\n<p>Los beneficiarios de la beca completa \u2018Iberdrola\u2019 2015-2016 son Isabel Yinghua Hern\u00e1ndez, nadadora pacense con discapacidad f\u00edsica (estudia Derecho en la Universidad Complutense de Madrid); Susana Rodr\u00edguez, triatleta viguesa con discapacidad visual (prepara el MIR tras finalizar Medicina en la Universidad de Santiago de Compostela), y Wafid Boucherit, jugador de boccia barcelon\u00e9s (estudia grado en Sociolog\u00eda en la Universidad Aut\u00f3noma de Barcelona).<\/p>\n<p>Junto a la nadadora sevillana con discapacidad visual Marta G\u00f3mez Batelli, alumna del grado en Relaciones Laborales y Recursos Humanos en la Universidad Pablo de Olavide de Sevilla, recibir\u00e1n la beca Iberdrola David Levecq, nadador valenciano con discapacidad f\u00edsica, graduado en Fisioterapia y estudiante del M\u00e1ster de Alto Rendimiento del Comit\u00e9 Ol\u00edmpico Espa\u00f1ol en Madrid; Noel Mart\u00edn, piloto de t\u00e1ndem vallisoletano y m\u00e1ster universitario en Energ\u00eda, Generaci\u00f3n y Uso Eficiente en la Universidad de Valladolid; Jairo Ruiz, triatleta almeriense con discapacidad f\u00edsica, estudainte del grado en Ciencias del Deporte en la Universidad Polit\u00e9cnica de Madrid; Melany Berg\u00e9s, atleta barcelonesa con discapacidad visual, y estudiante de Educaci\u00f3n Primaria en la Universidad Complutense de Madrid, y Mar\u00eda Delgado, nadadora zaragozana con discapacidad visual, y alumna de Ciencias de la Actividad F\u00edsica y del Deporte en la Universidad Polit\u00e9cnica de Madrid.<\/p>\n<p>Gerard Descarrega, atleta tarraconense con discapacidad visual y alumno del grado de Psicolog\u00eda en la Universidad Cat\u00f3lica de Murcia; Joan Munar, atleta balear con discapacidad visual y estudiante del grado de Traducci\u00f3n e Interpretaci\u00f3n en la Universidad Aut\u00f3noma de Barcelona; Mart\u00edn Parejo, atleta ciego barcelon\u00e9s y alumno del grado en Psicolog\u00eda en la Universidad Internacional de La Rioja, e Israel Oliver, nadador ciego canario y alumno del curso de acceso a la universidad para mayores de 25 a\u00f1os a trav\u00e9s de la UNED, cierran la relaci\u00f3n de beneficiarios.<\/p>\n","protected":false},"excerpt":{"rendered":"<p>Marta G\u00f3mez Batelli, nadadora sevillana con discapacidad visual es una de los 13 deportistas paral\u00edmpicas que est\u00e1n cursando estudios universitarios que se beneficiar\u00e1n en este curso 2015-2016 de las Becas Iberdrola. La nadadora paral\u00edmpica estudia este curso el grado en Relaciones Laborales y Recursos Humanos de la Universidad Pablo de Olavide de Sevilla. <\/p>\n","protected":false},"author":2,"featured_media":0,"comment_status":"closed","ping_status":"open","sticky":false,"template":"","format":"standard","meta":{"_monsterinsights_skip_tracking":false,"_monsterinsights_sitenote_active":false,"_monsterinsights_sitenote_note":"","_monsterinsights_sitenote_category":0,"footnotes":""},"categories":[30],"tags":[2500,2786,2785,2783,2784,430],"class_list":["post-11175137","post","type-post","status-publish","format-standard","hentry","category-deportes","tag-beca","tag-deporte-paralimpico","tag-discapacidad-visual","tag-estudianess","tag-iberdrola","tag-natacion"],"_links":{"self":[{"href":"https:\/\/www.upo.es\/diario\/wp-json\/wp\/v2\/posts\/11175137","targetHints":{"allow":["GET"]}}],"collection":[{"href":"https:\/\/www.upo.es\/diario\/wp-json\/wp\/v2\/posts"}],"about":[{"href":"https:\/\/www.upo.es\/diario\/wp-json\/wp\/v2\/types\/post"}],"author":[{"embeddable":true,"href":"https:\/\/www.upo.es\/diario\/wp-json\/wp\/v2\/users\/2"}],"replies":[{"embeddable":true,"href":"https:\/\/www.upo.es\/diario\/wp-json\/wp\/v2\/comments?post=11175137"}],"version-history":[{"count":6,"href":"https:\/\/www.upo.es\/diario\/wp-json\/wp\/v2\/posts\/11175137\/revisions"}],"predecessor-version":[{"id":11195309,"href":"https:\/\/www.upo.es\/diario\/wp-json\/wp\/v2\/posts\/11175137\/revisions\/11195309"}],"wp:attachment":[{"href":"https:\/\/www.upo.es\/diario\/wp-json\/wp\/v2\/media?parent=11175137"}],"wp:term":[{"taxonomy":"category","embeddable":true,"href":"https:\/\/www.upo.es\/diario\/wp-json\/wp\/v2\/categories?post=11175137"},{"taxonomy":"post_tag","embeddable":true,"href":"https:\/\/www.upo.es\/diario\/wp-json\/wp\/v2\/tags?post=11175137"}],"curies":[{"name":"wp","href":"https:\/\/api.w.org\/{rel}","templated":true}]}}