{"id":11197033,"date":"2015-11-25T05:12:29","date_gmt":"2015-11-25T05:12:29","guid":{"rendered":"https:\/\/www.upo.es\/diario\/?p=11197033"},"modified":"2015-11-30T08:06:49","modified_gmt":"2015-11-30T08:06:49","slug":"la-universidad-pablo-de-olavide-contra-la-violencia-de-genero","status":"publish","type":"post","link":"https:\/\/www.upo.es\/diario\/institucional\/2015\/11\/la-universidad-pablo-de-olavide-contra-la-violencia-de-genero\/","title":{"rendered":"La Universidad Pablo de Olavide, contra la violencia de g\u00e9nero"},"content":{"rendered":"<div>\n<figure id=\"attachment_11197035\" aria-describedby=\"caption-attachment-11197035\" style=\"width: 600px\" class=\"wp-caption aligncenter\"><a href=\"https:\/\/www.upo.es\/diario\/wp-content\/uploads\/2015\/11\/camino-igualdad2.jpg\"><img loading=\"lazy\" decoding=\"async\" class=\"size-large wp-image-11197035\" alt=\"Los estudiantes de la Olavide han creado un camino simb\u00f3lico hecho con mensajes contra la violencia hacia las mujeres.\" src=\"https:\/\/www.upo.es\/diario\/wp-content\/uploads\/2015\/11\/camino-igualdad2-600x400.jpg\" width=\"600\" height=\"400\" srcset=\"https:\/\/www.upo.es\/diario\/wp-content\/uploads\/2015\/11\/camino-igualdad2-600x400.jpg 600w, https:\/\/www.upo.es\/diario\/wp-content\/uploads\/2015\/11\/camino-igualdad2-320x213.jpg 320w\" sizes=\"auto, (max-width: 600px) 100vw, 600px\" \/><\/a><figcaption id=\"caption-attachment-11197035\" class=\"wp-caption-text\">Los estudiantes de la Olavide han creado un camino simb\u00f3lico hecho con mensajes contra la violencia hacia las mujeres.<\/figcaption><\/figure>\n<p>La Plaza de Am\u00e9rica y el Pasaje de la Ilustraci\u00f3n de la Universidad Pablo de Olavide se han llenado esta ma\u00f1ana de mensajes en contra de la violencia de g\u00e9nero en conmemoraci\u00f3n <b>del D\u00eda Internacional para la Eliminaci\u00f3n de la Violencia contra las Mujeres, <\/b>que se celebra hoy 25 de noviembre.<\/p>\n<p>Esta iniciativa, organizada por el Consejo de Estudiantes de esta universidad<b>, <\/b>es una de las actividades que forman parte de la <b>V Campa\u00f1a para la Eliminaci\u00f3n de la Violencia contra las Mujeres, <\/b>que se celebra en la UPO a lo largo de esta semana.<\/p>\n<p>La Universidad Pablo de Olavide tambi\u00e9n se ha sumado al <b><a href=\"https:\/\/www.upo.es\/upsc\/export\/sites\/upsc\/igualdad\/25_n\/MANIFIESTO_RUIGEU_25N2015_FINAL.pdf\">Manifiesto<\/a><\/b> elaborado por la Red de Unidades de Igualdad de G\u00e9nero de las Universidades Espa\u00f1olas para la Excelencia Universitaria que recuerda a las mujeres v\u00edctimas de la violencia machista y en contra de la desigualdad, la subordinaci\u00f3n y las relaciones de poder de los hombres sobre las mujeres.<\/p>\n<p>Adem\u00e1s, esta tarde, a las 16:00 horas en la Plaza de Am\u00e9rica de la UPO, el Consejo de Estudiantes ha organizado una <b>clase de defensa personal<\/b> a la que puede asistir cualquier interesado.<\/p>\n<figure id=\"attachment_11197476\" aria-describedby=\"caption-attachment-11197476\" style=\"width: 240px\" class=\"wp-caption alignright\"><a href=\"https:\/\/www.upo.es\/diario\/wp-content\/uploads\/2015\/11\/Flora_Tristan.jpg\"><img loading=\"lazy\" decoding=\"async\" class=\"size-medium wp-image-11197476\" alt=\"Imagen de la fachada de la Flora Trist\u00e1n.\" src=\"https:\/\/www.upo.es\/diario\/wp-content\/uploads\/2015\/11\/Flora_Tristan-240x320.jpg\" width=\"240\" height=\"320\" srcset=\"https:\/\/www.upo.es\/diario\/wp-content\/uploads\/2015\/11\/Flora_Tristan-240x320.jpg 240w, https:\/\/www.upo.es\/diario\/wp-content\/uploads\/2015\/11\/Flora_Tristan-450x600.jpg 450w, https:\/\/www.upo.es\/diario\/wp-content\/uploads\/2015\/11\/Flora_Tristan-600x800.jpg 600w, https:\/\/www.upo.es\/diario\/wp-content\/uploads\/2015\/11\/Flora_Tristan.jpg 720w\" sizes=\"auto, (max-width: 240px) 100vw, 240px\" \/><\/a><figcaption id=\"caption-attachment-11197476\" class=\"wp-caption-text\">Imagen de la fachada de la Flora Trist\u00e1n.<\/figcaption><\/figure>\n<p>Por su parte, la <b>Residencia Universitaria Flora Trist\u00e1n<\/b> ha amanecido repleta de im\u00e1genes y frases que invitan a la reflexi\u00f3n de las personas que viven y conviven en ella. Sus balcones tambi\u00e9n muestran pancartas con los nombres y circunstancias de la muerte de las v\u00edctimas para dar visibilidad de la gravedad del problema. Adem\u00e1s, hoy mi\u00e9rcoles se han celebrado una serie de actividades con mujeres de las distintas asociaciones y entidades del Pol\u00edgono Sur, como la lectura de poemas y pintada de un mural en homenaje a las v\u00edctimas, todo ello para favorecer la convivencia e integraci\u00f3n. A las 21:30 horas se celebrar\u00e1 un v\u00eddeo forum en el que se abordar\u00e1 la violencia de g\u00e9nero.<\/p>\n<p>La campa\u00f1a contin\u00faa ma\u00f1ana jueves 26 de noviembre con la celebraci\u00f3n de la mesa redonda <b>\u201cArte: Visibilidad y transformaci\u00f3n. Estrategias contra la violencia\u201d<\/b>, a las 12:00 horas en el Espacio Cultural Antigua Guarder\u00eda, y en la que participar\u00e1n la investigadora Eunice Miranda, la activista femenina Merced Figueroa y la artista y especialista en teatro social Cristina Dom\u00ednguez.<\/p>\n<p>Esta mesa redonda se celebra en el marco de la exposici\u00f3n \u201cViolencia Manifiesta\u201d, que puede visitarse hasta el 30 de noviembre en el \u00c1rea de Exposiciones de la Biblioteca de la UPO, donde la serie fotogr\u00e1fica \u201cLas horas negras de Patricia Aridjis, propone una reflexi\u00f3n sobre las mujeres en la c\u00e1rcel y el proyecto de Eunice Adorno muestra el rol de las mujeres en los llamados grupos de autodefensa en una zona de conflicto en M\u00e9xico. Esta actividad ha sido promovida por la Facultad de Humanidades, el \u00c1rea de Historia del Arte, el Aula Latinoamericana de Pensamiento y Creaci\u00f3n Contempor\u00e1neos, EnredArs, y el Vicerrectorado de Cultura y Compromiso Social de la UPO.<\/p>\n<p>Por otro lado, el viernes 27 de noviembre se activar\u00e1n los <b>buzones de consulta<\/b> en el espacio web de la Oficina para la Igualdad en materia de acoso sexual y discriminaci\u00f3n por raz\u00f3n de g\u00e9nero y en materia de violencia por raz\u00f3n de g\u00e9nero que afecte a los miembros de la comunidad universitaria de la UPO.<\/p>\n<p>Finalmente, el martes 1 de diciembre a las 19:30 horas en la sala de usos m\u00faltiples de la\u00a0 Residencia Universitaria Flora Trist\u00e1n, se celebrar\u00e1 una charla a cargo del grupo de mujeres \u201cMujeres Supervivientes\u201d, bajo el t\u00edtulo <b>\u201cRelaciones t\u00f3xicas, relaciones saludables y autocuidado: ni v\u00edctimas ni agresores\u201d<\/b>.<\/p>\n<p>La <b>V Campa\u00f1a para la Eliminaci\u00f3n de la Violencia contra las Mujeres<\/b>, puesta en marcha por el Vicerrectorado de Cultura y Compromiso Social de la UPO y cuyo lema es \u201cNo dejes que la violencia se cuele en tu vida\u201d, se desarrolla a lo largo de esta semana en esta universidad. Distintas facultades, el Consejo de Estudiantes de la UPO, el Aula Abierta de Mayores de la Olavide, la Residencia Universitaria Flora Trist\u00e1n, el M\u00e1ster de G\u00e9nero e Igualdad de la UPO, el Ayuntamiento de Sevilla junto con la Oficina para la Igualdad de esta universidad, colaboran en esta iniciativa que incluye la celebraci\u00f3n de jornadas, proyecci\u00f3n de cortometrajes, coloquios y exposiciones.<\/p>\n<p><b><a href=\"https:\/\/www.upo.es\/upsc\/igualdad\/25_n\/index.jsp\">Programa V Campa\u00f1a para la Eliminaci\u00f3n de la Violencia contra las Mujeres<\/a><\/b><\/p>\n<p><strong>M\u00e1s im\u00e1genes en Flickr:<\/strong><br \/>\n<a title=\"V Campa\u00f1a de la UPO para la Eliminaci\u00f3n de la Violencia contra las Mujeres\" href=\"https:\/\/www.flickr.com\/photos\/pablodeolavide\/albums\/72157661443730832\" data-flickr-embed=\"true\"><img loading=\"lazy\" decoding=\"async\" alt=\"V Campa\u00f1a de la UPO para la Eliminaci\u00f3n de la Violencia contra las Mujeres\" src=\"https:\/\/farm6.staticflickr.com\/5713\/22981440660_0d2b7311dc.jpg\" width=\"500\" height=\"333\" \/><\/a><script charset=\"utf-8\" type=\"mce-text\/javascript\" src=\"\/\/embedr.flickr.com\/assets\/client-code.js\" async=\"\"><\/script>\n<\/div>\n<div><\/div>\n","protected":false},"excerpt":{"rendered":"<p>La Plaza de Am\u00e9rica y el Pasaje de la Ilustraci\u00f3n de la Universidad Pablo de Olavide se han llenado esta ma\u00f1ana de mensajes en contra de la violencia de g\u00e9nero en conmemoraci\u00f3n del D\u00eda Internacional para la Eliminaci\u00f3n de la Violencia contra las Mujeres, que se celebra hoy 25 de noviembre.<\/p>\n","protected":false},"author":2,"featured_media":0,"comment_status":"closed","ping_status":"open","sticky":false,"template":"","format":"standard","meta":{"_monsterinsights_skip_tracking":false,"_monsterinsights_sitenote_active":false,"_monsterinsights_sitenote_note":"","_monsterinsights_sitenote_category":0,"footnotes":""},"categories":[6],"tags":[21,517,2441],"class_list":["post-11197033","post","type-post","status-publish","format-standard","hentry","category-institucional","tag-estudiantes","tag-igualdad","tag-violencia-de-genero"],"_links":{"self":[{"href":"https:\/\/www.upo.es\/diario\/wp-json\/wp\/v2\/posts\/11197033","targetHints":{"allow":["GET"]}}],"collection":[{"href":"https:\/\/www.upo.es\/diario\/wp-json\/wp\/v2\/posts"}],"about":[{"href":"https:\/\/www.upo.es\/diario\/wp-json\/wp\/v2\/types\/post"}],"author":[{"embeddable":true,"href":"https:\/\/www.upo.es\/diario\/wp-json\/wp\/v2\/users\/2"}],"replies":[{"embeddable":true,"href":"https:\/\/www.upo.es\/diario\/wp-json\/wp\/v2\/comments?post=11197033"}],"version-history":[{"count":14,"href":"https:\/\/www.upo.es\/diario\/wp-json\/wp\/v2\/posts\/11197033\/revisions"}],"predecessor-version":[{"id":11249366,"href":"https:\/\/www.upo.es\/diario\/wp-json\/wp\/v2\/posts\/11197033\/revisions\/11249366"}],"wp:attachment":[{"href":"https:\/\/www.upo.es\/diario\/wp-json\/wp\/v2\/media?parent=11197033"}],"wp:term":[{"taxonomy":"category","embeddable":true,"href":"https:\/\/www.upo.es\/diario\/wp-json\/wp\/v2\/categories?post=11197033"},{"taxonomy":"post_tag","embeddable":true,"href":"https:\/\/www.upo.es\/diario\/wp-json\/wp\/v2\/tags?post=11197033"}],"curies":[{"name":"wp","href":"https:\/\/api.w.org\/{rel}","templated":true}]}}