{"id":1121008,"date":"2013-07-01T07:40:15","date_gmt":"2013-07-01T07:40:15","guid":{"rendered":"https:\/\/www.upo.es\/diario\/?p=1121008"},"modified":"2013-07-01T07:41:18","modified_gmt":"2013-07-01T07:41:18","slug":"ceremonia-fin-de-carrera-de-la-licenciatura-en-biotecnologia-de-la-upo","status":"publish","type":"post","link":"https:\/\/www.upo.es\/diario\/institucional\/2013\/07\/ceremonia-fin-de-carrera-de-la-licenciatura-en-biotecnologia-de-la-upo\/","title":{"rendered":"Ceremonia Fin de Carrera de la licenciatura en Biotecnolog\u00eda de la UPO"},"content":{"rendered":"<figure id=\"attachment_1121010\" aria-describedby=\"caption-attachment-1121010\" style=\"width: 320px\" class=\"wp-caption alignright\"><a href=\"https:\/\/www.upo.es\/diario\/wp-content\/uploads\/2013\/07\/130628-UPO_233.jpg\"><img loading=\"lazy\" decoding=\"async\" class=\"size-medium wp-image-1121010\" alt=\"Los representantes de los estudiantes, David Caballero  y Luz Olid \" src=\"https:\/\/www.upo.es\/diario\/wp-content\/uploads\/2013\/07\/130628-UPO_233-320x213.jpg\" width=\"320\" height=\"213\" srcset=\"https:\/\/www.upo.es\/diario\/wp-content\/uploads\/2013\/07\/130628-UPO_233-320x213.jpg 320w, https:\/\/www.upo.es\/diario\/wp-content\/uploads\/2013\/07\/130628-UPO_233-600x399.jpg 600w, https:\/\/www.upo.es\/diario\/wp-content\/uploads\/2013\/07\/130628-UPO_233.jpg 1024w\" sizes=\"auto, (max-width: 320px) 100vw, 320px\" \/><\/a><figcaption id=\"caption-attachment-1121010\" class=\"wp-caption-text\">Los representantes de los estudiantes, David Caballero y Luz Olid. Foto: Foto \u00c9xito<\/figcaption><\/figure>\n<figure id=\"attachment_1121009\" aria-describedby=\"caption-attachment-1121009\" style=\"width: 320px\" class=\"wp-caption alignright\"><a href=\"https:\/\/www.upo.es\/diario\/wp-content\/uploads\/2013\/07\/130628-UPO_293.jpg\"><img loading=\"lazy\" decoding=\"async\" class=\"size-medium wp-image-1121009\" alt=\"La promoci\u00f3n 2008-2013 de la licenciatura en Biotecnolog\u00eda de la UPO\" src=\"https:\/\/www.upo.es\/diario\/wp-content\/uploads\/2013\/07\/130628-UPO_293-320x213.jpg\" width=\"320\" height=\"213\" srcset=\"https:\/\/www.upo.es\/diario\/wp-content\/uploads\/2013\/07\/130628-UPO_293-320x213.jpg 320w, https:\/\/www.upo.es\/diario\/wp-content\/uploads\/2013\/07\/130628-UPO_293-600x399.jpg 600w, https:\/\/www.upo.es\/diario\/wp-content\/uploads\/2013\/07\/130628-UPO_293.jpg 1024w\" sizes=\"auto, (max-width: 320px) 100vw, 320px\" \/><\/a><figcaption id=\"caption-attachment-1121009\" class=\"wp-caption-text\">La promoci\u00f3n 2008-2013 de la licenciatura en Biotecnolog\u00eda de la UPO. Foto: Foto \u00c9xito<\/figcaption><\/figure>\n<p>La Ceremonia Fin de Carrera de la promoci\u00f3n 2008-2013 de la licenciatura en Biotecnolog\u00eda se celebr\u00f3 el pasado viernes en la Universidad Pablo de Olavide, presidida por Antonio Gallardo Correa, decano de la Facultad de Ciencias Experimentales de la UPO.<\/p>\n<p>El padrino de la promoci\u00f3n fue Juan Jim\u00e9nez Mart\u00ednez<b>, <\/b>catedr\u00e1tico de Gen\u00e9tica de la Universidad Pablo de Olavide e investigador principal del Centro Andaluz de Biolog\u00eda del Desarrollo (CABD). A la ceremonia asistieron tambi\u00e9n el decano de la Facultad de Ciencias Experimentales, Antonio Gallardo Correa; el vicedecano de Ordenaci\u00f3n Acad\u00e9mica, Juan Rigoberto Tejedo Huam\u00e1n, y los profesores del departamento de Biolog\u00eda Molecular e Ingenier\u00eda Bioqu\u00edmica de la UPO, Manuel Jes\u00fas Mu\u00f1oz Ruiz y Aroa L\u00f3pez S\u00e1nchez. Los representantes de los estudiantes fueron David Caballero Pradas y Luz Olid D\u00edaz<\/p>\n<p>Un total de 45 egresados asistieron junto a sus familiares a este acto con el que la Universidad Pablo de Olavide recupera una antigua tradici\u00f3n de las universidades europeas.<\/p>\n<p>&nbsp;<\/p>\n","protected":false},"excerpt":{"rendered":"<p>La Ceremonia Fin de Carrera de la promoci\u00f3n 2008-2013 de la licenciatura en Biotecnolog\u00eda se celebr\u00f3 el pasado viernes en la Universidad Pablo de Olavide, presidida por Antonio Gallardo Correa, decano de la Facultad de Ciencias Experimentales de la UPO.<\/p>\n","protected":false},"author":4,"featured_media":0,"comment_status":"closed","ping_status":"open","sticky":false,"template":"","format":"standard","meta":{"_monsterinsights_skip_tracking":false,"_monsterinsights_sitenote_active":false,"_monsterinsights_sitenote_note":"","_monsterinsights_sitenote_category":0,"footnotes":""},"categories":[6],"tags":[121,581,704],"class_list":["post-1121008","post","type-post","status-publish","format-standard","hentry","category-institucional","tag-biotecnologia","tag-ceremonia-de-egresados","tag-licenciatura"],"_links":{"self":[{"href":"https:\/\/www.upo.es\/diario\/wp-json\/wp\/v2\/posts\/1121008","targetHints":{"allow":["GET"]}}],"collection":[{"href":"https:\/\/www.upo.es\/diario\/wp-json\/wp\/v2\/posts"}],"about":[{"href":"https:\/\/www.upo.es\/diario\/wp-json\/wp\/v2\/types\/post"}],"author":[{"embeddable":true,"href":"https:\/\/www.upo.es\/diario\/wp-json\/wp\/v2\/users\/4"}],"replies":[{"embeddable":true,"href":"https:\/\/www.upo.es\/diario\/wp-json\/wp\/v2\/comments?post=1121008"}],"version-history":[{"count":2,"href":"https:\/\/www.upo.es\/diario\/wp-json\/wp\/v2\/posts\/1121008\/revisions"}],"predecessor-version":[{"id":1121013,"href":"https:\/\/www.upo.es\/diario\/wp-json\/wp\/v2\/posts\/1121008\/revisions\/1121013"}],"wp:attachment":[{"href":"https:\/\/www.upo.es\/diario\/wp-json\/wp\/v2\/media?parent=1121008"}],"wp:term":[{"taxonomy":"category","embeddable":true,"href":"https:\/\/www.upo.es\/diario\/wp-json\/wp\/v2\/categories?post=1121008"},{"taxonomy":"post_tag","embeddable":true,"href":"https:\/\/www.upo.es\/diario\/wp-json\/wp\/v2\/tags?post=1121008"}],"curies":[{"name":"wp","href":"https:\/\/api.w.org\/{rel}","templated":true}]}}