{"id":1122198,"date":"2013-07-01T12:27:43","date_gmt":"2013-07-01T12:27:43","guid":{"rendered":"https:\/\/www.upo.es\/diario\/?p=1122198"},"modified":"2013-07-02T07:30:05","modified_gmt":"2013-07-02T07:30:05","slug":"inaugurada-en-carmona-la-xi-edicion-de-los-cursos-de-verano-de-la-universidad-pablo-de-olavide","status":"publish","type":"post","link":"https:\/\/www.upo.es\/diario\/institucional\/2013\/07\/inaugurada-en-carmona-la-xi-edicion-de-los-cursos-de-verano-de-la-universidad-pablo-de-olavide\/","title":{"rendered":"Inaugurada en Carmona la XI edici\u00f3n de los Cursos de Verano de la Universidad Pablo de Olavide"},"content":{"rendered":"<figure id=\"attachment_1122200\" aria-describedby=\"caption-attachment-1122200\" style=\"width: 320px\" class=\"wp-caption alignright\"><a href=\"https:\/\/www.upo.es\/diario\/wp-content\/uploads\/2013\/07\/inaugu_cuve13b.jpg\"><img loading=\"lazy\" decoding=\"async\" class=\"size-medium wp-image-1122200\" alt=\"El rector de la UPO, el presidente de la Diputaci\u00f3n de Sevilla, el alcalde de Carmona \" src=\"https:\/\/www.upo.es\/diario\/wp-content\/uploads\/2013\/07\/inaugu_cuve13b-320x214.jpg\" width=\"320\" height=\"214\" srcset=\"https:\/\/www.upo.es\/diario\/wp-content\/uploads\/2013\/07\/inaugu_cuve13b-320x214.jpg 320w, https:\/\/www.upo.es\/diario\/wp-content\/uploads\/2013\/07\/inaugu_cuve13b-600x401.jpg 600w, https:\/\/www.upo.es\/diario\/wp-content\/uploads\/2013\/07\/inaugu_cuve13b.jpg 1024w\" sizes=\"auto, (max-width: 320px) 100vw, 320px\" \/><\/a><figcaption id=\"caption-attachment-1122200\" class=\"wp-caption-text\">La inauguraci\u00f3n ha tenido lugar en la sede universitaria de la UPO en Carmona<\/figcaption><\/figure>\n<p>El rector de la Universidad Pablo de Olavide, Vicente Guzm\u00e1n Fluja; el presidente de la Diputaci\u00f3n de Sevilla, Fernando Rodr\u00edguez Villalobos; el alcalde de Carmona, Juan \u00c1vila Guti\u00e9rrez y el vicerrector de Postgrado, Formaci\u00f3n Permanente y Empleo de la UPO, Miguel \u00c1ngel Gual Font, han presidido hoy lunes el acto oficial de inauguraci\u00f3n de la XI edici\u00f3n de los Cursos de Verano de la UPO en Carmona. Concretamente, esta semana se desarrollan en la sede \u2018Olavide en Carmona\u2019 los seminarios \u2018La cata del aceite de oliva virgen. Cultura y maridaje\u2019; \u2018Seguridad vial en el \u00e1mbito laboral\u2019; \u2018De la democracia representativa a la democracia real\u2019; \u2018Coaching en el \u00e1mbito educativo\u2019 y \u2018Fisioterapia en las raquialgias cr\u00f3nicas inespec\u00edficas. La t\u00e9cnica de Alexander\u2019.<\/p>\n<p>El rector tambi\u00e9n ha estado acompa\u00f1ado por Juan Antonio Morillo, director gerente de Oleomorillo, S. L. y coordinador del curso \u2018La cata del aceite de oliva virgen. Cultura y maridaje\u2019; Luis Carlos Rodr\u00edguez Le\u00f3n, fiscal delegado de Seguridad Vial de Andaluc\u00eda y coordinador del curso \u2018Seguridad vial en el \u00e1mbito laboral\u2019; Lina G\u00e1lvez Mu\u00f1oz, catedr\u00e1tica de Historia e Instituciones Econ\u00f3micas de la UPO y coordinadora del curso \u2018Dela democracia representativa a la democracia real\u2019 y Gema Sancho Zamora, directora de Coaching para la Formaci\u00f3n y coordinadora del curso \u2018Coaching en el \u00e1mbito educativo\u2019.<\/p>\n<figure id=\"attachment_1122203\" aria-describedby=\"caption-attachment-1122203\" style=\"width: 320px\" class=\"wp-caption alignleft\"><a href=\"https:\/\/www.upo.es\/diario\/wp-content\/uploads\/2013\/07\/inaugu_cuve13.jpg\"><img loading=\"lazy\" decoding=\"async\" class=\"size-medium wp-image-1122203 \" alt=\"El rector de la UPO, el presidente de la Diputaci\u00f3n de Sevilla, el alcalde de Carmona y el vicerrector de Postgrado, Formaci\u00f3n Permanente y Empleo presiden el acto de inauguraci\u00f3n \" src=\"https:\/\/www.upo.es\/diario\/wp-content\/uploads\/2013\/07\/inaugu_cuve13-320x214.jpg\" width=\"320\" height=\"214\" srcset=\"https:\/\/www.upo.es\/diario\/wp-content\/uploads\/2013\/07\/inaugu_cuve13-320x214.jpg 320w, https:\/\/www.upo.es\/diario\/wp-content\/uploads\/2013\/07\/inaugu_cuve13-1024x685.jpg 1024w, https:\/\/www.upo.es\/diario\/wp-content\/uploads\/2013\/07\/inaugu_cuve13-600x401.jpg 600w, https:\/\/www.upo.es\/diario\/wp-content\/uploads\/2013\/07\/inaugu_cuve13.jpg 1080w\" sizes=\"auto, (max-width: 320px) 100vw, 320px\" \/><\/a><figcaption id=\"caption-attachment-1122203\" class=\"wp-caption-text\">El rector de la UPO, el presidente de la Diputaci\u00f3n de Sevilla, el alcalde de Carmona y el vicerrector de Postgrado, Formaci\u00f3n Permanente y Empleo presiden el acto de inauguraci\u00f3n<\/figcaption><\/figure>\n<p>Vicente Guzm\u00e1n ha asegurado durante su intervenci\u00f3n que \u201clos cursos de verano son diferentes porque se apartan de la oferta reglada de la Universidad, ofreciendo temas de actualidad y comprometidos socialmente\u201d, de ah\u00ed la apuesta de la Universidad Pablo de Olavide por una educaci\u00f3n p\u00fablica de calidad, sobre todo en estos momentos de graves dificultades econ\u00f3micas. En esta l\u00ednea, ha declarado que \u201clas personas no se pueden quedar fuera del sistema educativo porque no puedan pagar, algo que no podemos tolerar. No se puede renunciar a lo que la educaci\u00f3n p\u00fablica ha dado a este pa\u00eds durante muchos a\u00f1os\u201d.<\/p>\n<p>Asimismo, el presidente de la Diputaci\u00f3n de Sevilla ha apoyado los cursos de verano de la UPO y ha hecho p\u00fablica su apuesta por la Universidad, \u201cla instituci\u00f3n m\u00e1s objetiva, menos sectaria y mejor preparada intelectualmente\u201d para poner en marcha este tipo de iniciativas, resaltado el car\u00e1cter pr\u00e1ctico de los seminarios, una tendencia que, a su entender, deber\u00eda mantenerse, ya que considera que es una demanda del alumnado.<\/p>\n<p>Por su parte, el vicerrector de Postgrado ha manifestado que los cursos de verano de este a\u00f1o ofertan una tem\u00e1tica muy interesante y novedosa, al tiempo que ha resaltado el esfuerzo realizado para poner en marcha los 48 cursos de verano, sobre todo en estos momentos de contracci\u00f3n y dificultades de las Universidades p\u00fablicas<\/p>\n<p>Por \u00faltimo, el alcalde de Carmona ha mostrado su satisfacci\u00f3n porque se ha alcanzado ya la und\u00e9cima edici\u00f3n de los cursos, de tem\u00e1tica amplia y variada, al tiempo que ha asegurado que Carmona es ya un referente internacional, gracias a la Universidad Pablo de Olavide. \u201cEl \u00e9xito de cada a\u00f1o es la actualidad de los cursos, algunos de los cuales tambi\u00e9n van dirigidos a los pol\u00edticos, que buscan la mejora de la sociedad\u201d, ha finalizado.<\/p>\n","protected":false},"excerpt":{"rendered":"<p>El rector de la Universidad Pablo de Olavide, Vicente Guzm\u00e1n Fluja; el presidente de la Diputaci\u00f3n de Sevilla, Fernando Rodr\u00edguez Villalobos; el alcalde de Carmona, Juan \u00c1vila Guti\u00e9rrez y el vicerrector de Postgrado, Formaci\u00f3n Permanente y Empleo de la UPO, Miguel \u00c1ngel Gual Font, han presidido hoy lunes el acto oficial de inauguraci\u00f3n de la XI edici\u00f3n de los Cursos de Verano de la UPO en Carmona. <\/p>\n","protected":false},"author":6,"featured_media":0,"comment_status":"closed","ping_status":"open","sticky":false,"template":"","format":"standard","meta":{"_monsterinsights_skip_tracking":false,"_monsterinsights_sitenote_active":false,"_monsterinsights_sitenote_note":"","_monsterinsights_sitenote_category":0,"footnotes":""},"categories":[6],"tags":[586,23,22,327,519,38,161,106],"class_list":["post-1122198","post","type-post","status-publish","format-standard","hentry","category-institucional","tag-alcaldia","tag-carmona","tag-cursos-de-verano","tag-diputacion","tag-olavide-en-carmona","tag-rector","tag-sevilla","tag-vicente-c-guzman"],"_links":{"self":[{"href":"https:\/\/www.upo.es\/diario\/wp-json\/wp\/v2\/posts\/1122198","targetHints":{"allow":["GET"]}}],"collection":[{"href":"https:\/\/www.upo.es\/diario\/wp-json\/wp\/v2\/posts"}],"about":[{"href":"https:\/\/www.upo.es\/diario\/wp-json\/wp\/v2\/types\/post"}],"author":[{"embeddable":true,"href":"https:\/\/www.upo.es\/diario\/wp-json\/wp\/v2\/users\/6"}],"replies":[{"embeddable":true,"href":"https:\/\/www.upo.es\/diario\/wp-json\/wp\/v2\/comments?post=1122198"}],"version-history":[{"count":7,"href":"https:\/\/www.upo.es\/diario\/wp-json\/wp\/v2\/posts\/1122198\/revisions"}],"predecessor-version":[{"id":1126691,"href":"https:\/\/www.upo.es\/diario\/wp-json\/wp\/v2\/posts\/1122198\/revisions\/1126691"}],"wp:attachment":[{"href":"https:\/\/www.upo.es\/diario\/wp-json\/wp\/v2\/media?parent=1122198"}],"wp:term":[{"taxonomy":"category","embeddable":true,"href":"https:\/\/www.upo.es\/diario\/wp-json\/wp\/v2\/categories?post=1122198"},{"taxonomy":"post_tag","embeddable":true,"href":"https:\/\/www.upo.es\/diario\/wp-json\/wp\/v2\/tags?post=1122198"}],"curies":[{"name":"wp","href":"https:\/\/api.w.org\/{rel}","templated":true}]}}