{"id":11272676,"date":"2015-12-02T13:08:43","date_gmt":"2015-12-02T13:08:43","guid":{"rendered":"https:\/\/www.upo.es\/diario\/?p=11272676"},"modified":"2015-12-09T14:07:05","modified_gmt":"2015-12-09T14:07:05","slug":"la-biblioteca-de-la-upo-acoge-una-exposicion-sobre-la-reunificacion-de-alemania","status":"publish","type":"post","link":"https:\/\/www.upo.es\/diario\/cultura\/2015\/12\/la-biblioteca-de-la-upo-acoge-una-exposicion-sobre-la-reunificacion-de-alemania\/","title":{"rendered":"La Biblioteca de la UPO acoge una exposici\u00f3n sobre la reunificaci\u00f3n de Alemania"},"content":{"rendered":"<figure id=\"attachment_11272677\" aria-describedby=\"caption-attachment-11272677\" style=\"width: 600px\" class=\"wp-caption aligncenter\"><a href=\"https:\/\/www.upo.es\/diario\/wp-content\/uploads\/2015\/12\/Exp-Unidad-Alemana.jpg\"><img loading=\"lazy\" decoding=\"async\" class=\"size-large wp-image-11272677\" alt=\"Una exposici\u00f3n sobre c\u00f3mo la revoluci\u00f3n Pac\u00edfica que vivi\u00f3 la Rep\u00fablica Democr\u00e1tica Alemana introdujo inesperadamente la cuesti\u00f3n de la unidad alemana en la agenda pol\u00edtica nacional e internacional\" src=\"https:\/\/www.upo.es\/diario\/wp-content\/uploads\/2015\/12\/Exp-Unidad-Alemana-600x339.jpg\" width=\"600\" height=\"339\" srcset=\"https:\/\/www.upo.es\/diario\/wp-content\/uploads\/2015\/12\/Exp-Unidad-Alemana-600x339.jpg 600w, https:\/\/www.upo.es\/diario\/wp-content\/uploads\/2015\/12\/Exp-Unidad-Alemana-320x180.jpg 320w\" sizes=\"auto, (max-width: 600px) 100vw, 600px\" \/><\/a><figcaption id=\"caption-attachment-11272677\" class=\"wp-caption-text\">Una exposici\u00f3n sobre c\u00f3mo la revoluci\u00f3n Pac\u00edfica que vivi\u00f3 la Rep\u00fablica Democr\u00e1tica Alemana introdujo inesperadamente la cuesti\u00f3n de la unidad alemana en la agenda pol\u00edtica nacional e internacional<\/figcaption><\/figure>\n<p>El \u00c1rea de Exposiciones de la Biblioteca de la Universidad Pablo de Olavide acoge hasta el pr\u00f3ximo 16 de diciembre la <b>exposici\u00f3n \u201cEl camino hacia la unidad alemana\u201d<\/b>, una muestra organizada por la Fundaci\u00f3n para el Estudio de la Dictadura del SED (Partido Socialista Unificado de Alemania) y el <a href=\"https:\/\/www.deutschland.de\/es\/topic\/politica\/alemania-europa\/ministerios-federales\">Ministerio Federal de Relaciones Exteriores<\/a> alem\u00e1n con motivo del 25 aniversario de la reunificaci\u00f3n de Alemania, que se conmemora este a\u00f1o 2015.<\/p>\n<p>Los textos y m\u00e1s de 150 f\u00adotogra\u00adf\u00edas y f\u00adacs\u00edmiles que la componen ilustran c\u00f3mo la Revoluci\u00f3n Pac\u00ed\u00adfica que vivi\u00f3 la Rep\u00fablica Democr\u00e1tica Alemana introdujo inesperadamente la cuesti\u00f3n de la unidad alemana en la agenda pol\u00edtica nacional e internacional. La muestra se ocupa por igual de la evoluci\u00f3n de los acontecimientos a nivel interalem\u00e1n y de las negociaciones diplom\u00e1ticas que hicieron posible la reunif\u00adicaci\u00f3n el 3 de octubre de 1990.<\/p>\n<p>Gracias a una cooperaci\u00f3n con el proyecto <a href=\"http:\/\/www.gedaechtnis-der-nation.de\/\">Ged\u00e4chtnis der Nation<\/a>, la exposici\u00f3n of\u00adrece la posibilidad de descargar mediante c\u00f3digos QR 18 archivos de v\u00eddeo (en alem\u00e1n) en los que testigos de la \u00e9poca repasan el intenso a\u00f1o 1990.<\/p>\n<p>Adem\u00e1s, se han programado una serie de <b>visitas guiadas<\/b> en espa\u00f1ol, alem\u00e1n o ingl\u00e9s en las que los estudiantes del curso de Cultura y Sociedades de Lengua Alemana del Grado en Traducci\u00f3n e Interpretaci\u00f3n de la UPO ejercer\u00e1n de gu\u00edas. Los interesados pueden asistir a estas visitas el mi\u00e9rcoles 9 de diciembre a las 16:00 horas; el jueves 10 de diciembre a las 10:00 horas, 13:00 horas, 14:00 horas y 15:00 horas; y el viernes 11 de diciembre a las 10:00 horas y a las 16:00 horas. Si alguien est\u00e1 interesado en asistir a estas visitas fuera de este horario puede ponerse en contacto con el profesor del Departamento de Filolog\u00eda y Traducci\u00f3n Karl Heisel a trav\u00e9s del correo electr\u00f3nico <a href=\"file:\/\/\/C:\/DOCUME~1\/aarrmae\/CONFIG~1\/Temp\/khei@upo.es\">khei@upo.es<\/a><\/p>\n<p>La exposici\u00f3n \u201cEl camino hacia la unidad alemana\u201d puede visitarse en el \u00c1rea de Exposiciones de la Biblioteca de la UPO de lunes a viernes, de 8:30 a 21:00 horas, hasta el mi\u00e9rcoles 16 de diciembre.<\/p>\n","protected":false},"excerpt":{"rendered":"<p>El \u00c1rea de Exposiciones de la Biblioteca de la Universidad Pablo de Olavide acoge hasta el pr\u00f3ximo 16 de diciembre la exposici\u00f3n \u201cEl camino hacia la unidad alemana\u201d, una muestra organizada por la Fundaci\u00f3n para el Estudio de la Dictadura del SED (Partido Socialista Unificado de Alemania) y el Ministerio Federal de Relaciones Exteriores alem\u00e1n con motivo del 25 aniversario de la reunificaci\u00f3n de Alemania.<\/p>\n","protected":false},"author":6,"featured_media":0,"comment_status":"closed","ping_status":"open","sticky":false,"template":"","format":"standard","meta":{"_monsterinsights_skip_tracking":false,"_monsterinsights_sitenote_active":false,"_monsterinsights_sitenote_note":"","_monsterinsights_sitenote_category":0,"footnotes":""},"categories":[7],"tags":[864,454,74,60,150],"class_list":["post-11272676","post","type-post","status-publish","format-standard","hentry","category-cultura","tag-alemania","tag-europa","tag-exposiciones","tag-fotografia","tag-historia"],"_links":{"self":[{"href":"https:\/\/www.upo.es\/diario\/wp-json\/wp\/v2\/posts\/11272676","targetHints":{"allow":["GET"]}}],"collection":[{"href":"https:\/\/www.upo.es\/diario\/wp-json\/wp\/v2\/posts"}],"about":[{"href":"https:\/\/www.upo.es\/diario\/wp-json\/wp\/v2\/types\/post"}],"author":[{"embeddable":true,"href":"https:\/\/www.upo.es\/diario\/wp-json\/wp\/v2\/users\/6"}],"replies":[{"embeddable":true,"href":"https:\/\/www.upo.es\/diario\/wp-json\/wp\/v2\/comments?post=11272676"}],"version-history":[{"count":5,"href":"https:\/\/www.upo.es\/diario\/wp-json\/wp\/v2\/posts\/11272676\/revisions"}],"predecessor-version":[{"id":11351865,"href":"https:\/\/www.upo.es\/diario\/wp-json\/wp\/v2\/posts\/11272676\/revisions\/11351865"}],"wp:attachment":[{"href":"https:\/\/www.upo.es\/diario\/wp-json\/wp\/v2\/media?parent=11272676"}],"wp:term":[{"taxonomy":"category","embeddable":true,"href":"https:\/\/www.upo.es\/diario\/wp-json\/wp\/v2\/categories?post=11272676"},{"taxonomy":"post_tag","embeddable":true,"href":"https:\/\/www.upo.es\/diario\/wp-json\/wp\/v2\/tags?post=11272676"}],"curies":[{"name":"wp","href":"https:\/\/api.w.org\/{rel}","templated":true}]}}