{"id":1127643,"date":"2013-07-03T06:24:51","date_gmt":"2013-07-03T06:24:51","guid":{"rendered":"https:\/\/www.upo.es\/diario\/?p=1127643"},"modified":"2013-07-03T10:03:25","modified_gmt":"2013-07-03T10:03:25","slug":"manana-en-la-upo-conferencia-sobre-la-participacion-de-la-sociedad-civil-ante-el-problema-de-la-inseguridad-publica-en-mexico","status":"publish","type":"post","link":"https:\/\/www.upo.es\/diario\/institucional\/2013\/07\/manana-en-la-upo-conferencia-sobre-la-participacion-de-la-sociedad-civil-ante-el-problema-de-la-inseguridad-publica-en-mexico\/","title":{"rendered":"Hoy en la UPO, conferencia sobre la participaci\u00f3n de la sociedad civil ante el problema de la inseguridad p\u00fablica en M\u00e9xico"},"content":{"rendered":"<figure id=\"attachment_1133091\" aria-describedby=\"caption-attachment-1133091\" style=\"width: 320px\" class=\"wp-caption alignright\"><a href=\"https:\/\/www.upo.es\/diario\/wp-content\/uploads\/2013\/07\/conf_insegmexico2.jpg\"><img loading=\"lazy\" decoding=\"async\" class=\"size-medium wp-image-1133091\" alt=\"La vicerrectora de Cultura, Participaci\u00f3n y Compromiso Social, Elodia Hern\u00e1ndez junto con el profesor de la UNAM, Miguel \u00c1ngel M\u00e1rquez, y la profesora de la UPO, Rosal\u00eda Mart\u00ednez \" src=\"https:\/\/www.upo.es\/diario\/wp-content\/uploads\/2013\/07\/conf_insegmexico2-320x194.jpg\" width=\"320\" height=\"194\" srcset=\"https:\/\/www.upo.es\/diario\/wp-content\/uploads\/2013\/07\/conf_insegmexico2-320x194.jpg 320w, https:\/\/www.upo.es\/diario\/wp-content\/uploads\/2013\/07\/conf_insegmexico2-1024x622.jpg 1024w, https:\/\/www.upo.es\/diario\/wp-content\/uploads\/2013\/07\/conf_insegmexico2-600x364.jpg 600w\" sizes=\"auto, (max-width: 320px) 100vw, 320px\" \/><\/a><figcaption id=\"caption-attachment-1133091\" class=\"wp-caption-text\">La vicerrectora de Cultura, Participaci\u00f3n y Compromiso Social, Elodia Hern\u00e1ndez, junto con el profesor de la UNAM, Miguel \u00c1ngel M\u00e1rquez, y la profesora de la UPO, Rosal\u00eda Mart\u00ednez<\/figcaption><\/figure>\n<p>Esta ma\u00f1ana, en la sala de grados del edificio 6 de la Universidad Pablo de Olavide, el profesor de la Facultad de Ciencias Pol\u00edticas y Sociales de la <a href=\"http:\/\/www.unam.mx\/\">Universidad Nacional Aut\u00f3noma de M\u00e9xico<\/a> (UNAM), Miguel \u00c1ngel M\u00e1rquez Z\u00e1rate, ha impartido la conferencia <strong>\u201cLa participaci\u00f3n de la sociedad civil ante el problema de la inseguridad p\u00fablica en M\u00e9xico\u201d<\/strong>. El acto ha sido inaugurado por la vicerrectora de Cultura, Participaci\u00f3n y Compromiso Social, Elodia Hern\u00e1ndez Le\u00f3n, y presentado por la profesora del departamento de Sociolog\u00eda de la UPO, Rosal\u00eda Mart\u00ednez Garc\u00eda.<\/p>\n<p>Esta conferencia, organizada por el Vicerrectorado de Cultura, Participaci\u00f3n y Compromiso Social de la UPO, ha abordado el actual contexto de inseguridad p\u00fablica que se vive en M\u00e9xico y los paradigmas de reintegraci\u00f3n social por la sociedad civil, tales como el sistema comunitario de seguridad, la impartici\u00f3n de justicia y reeducaci\u00f3n en la regi\u00f3n Monta\u00f1a-Costa Chica del estado de Guerrero (M\u00e9xico),\u00a0 para contrarrestar los altos \u00edndices delictivos.<\/p>\n<p><b>Miguel \u00c1ngel M\u00e1rquez\u00a0Z\u00e1rate<\/b> es licenciado en Ciencias Pol\u00edticas y Administraci\u00f3n P\u00fablica, maestro en Administraci\u00f3n P\u00fablica y doctor en Estudios Latinoamericanos de la Universidad Nacional Aut\u00f3noma de M\u00e9xico (UNAM).\u00a0\u00a0Miembro del Sistema Nacional de Investigadores y profesor titular del Centro de Estudios en Administraci\u00f3n P\u00fablica de la Facultad de Ciencias Pol\u00edticas y Sociales de la UNAM. Sus l\u00edneas de investigaci\u00f3n se centran en gobiernos locales, migraci\u00f3n, capital social y pol\u00edtica social.<\/p>\n","protected":false},"excerpt":{"rendered":"<p>Esta ma\u00f1ana, en la sala de grados del edificio 6 de la Universidad Pablo de Olavide, el profesor de la Facultad de Ciencias Pol\u00edticas y Sociales de la Universidad Nacional Aut\u00f3noma de M\u00e9xico (UNAM), Miguel \u00c1ngel M\u00e1rquez Z\u00e1rate, ha impartido la conferencia \u201cLa participaci\u00f3n de la sociedad civil ante el problema de la inseguridad p\u00fablica en M\u00e9xico\u201d<\/p>\n","protected":false},"author":4,"featured_media":0,"comment_status":"closed","ping_status":"open","sticky":false,"template":"","format":"standard","meta":{"_monsterinsights_skip_tracking":false,"_monsterinsights_sitenote_active":false,"_monsterinsights_sitenote_note":"","_monsterinsights_sitenote_category":0,"footnotes":""},"categories":[6],"tags":[227,747,286,394,748],"class_list":["post-1127643","post","type-post","status-publish","format-standard","hentry","category-institucional","tag-conferencia","tag-elodia-hernandez","tag-mexico","tag-participacion-social","tag-unam"],"_links":{"self":[{"href":"https:\/\/www.upo.es\/diario\/wp-json\/wp\/v2\/posts\/1127643","targetHints":{"allow":["GET"]}}],"collection":[{"href":"https:\/\/www.upo.es\/diario\/wp-json\/wp\/v2\/posts"}],"about":[{"href":"https:\/\/www.upo.es\/diario\/wp-json\/wp\/v2\/types\/post"}],"author":[{"embeddable":true,"href":"https:\/\/www.upo.es\/diario\/wp-json\/wp\/v2\/users\/4"}],"replies":[{"embeddable":true,"href":"https:\/\/www.upo.es\/diario\/wp-json\/wp\/v2\/comments?post=1127643"}],"version-history":[{"count":5,"href":"https:\/\/www.upo.es\/diario\/wp-json\/wp\/v2\/posts\/1127643\/revisions"}],"predecessor-version":[{"id":1132367,"href":"https:\/\/www.upo.es\/diario\/wp-json\/wp\/v2\/posts\/1127643\/revisions\/1132367"}],"wp:attachment":[{"href":"https:\/\/www.upo.es\/diario\/wp-json\/wp\/v2\/media?parent=1127643"}],"wp:term":[{"taxonomy":"category","embeddable":true,"href":"https:\/\/www.upo.es\/diario\/wp-json\/wp\/v2\/categories?post=1127643"},{"taxonomy":"post_tag","embeddable":true,"href":"https:\/\/www.upo.es\/diario\/wp-json\/wp\/v2\/tags?post=1127643"}],"curies":[{"name":"wp","href":"https:\/\/api.w.org\/{rel}","templated":true}]}}