{"id":1127887,"date":"2013-07-03T07:00:17","date_gmt":"2013-07-03T07:00:17","guid":{"rendered":"https:\/\/www.upo.es\/diario\/?p=1127887"},"modified":"2013-07-03T07:03:53","modified_gmt":"2013-07-03T07:03:53","slug":"sesion-informativa-sobre-el-master-superior-en-abogacia","status":"publish","type":"post","link":"https:\/\/www.upo.es\/diario\/institucional\/2013\/07\/sesion-informativa-sobre-el-master-superior-en-abogacia\/","title":{"rendered":"Sesi\u00f3n informativa sobre el M\u00e1ster Superior en Abogac\u00eda"},"content":{"rendered":"<p>Hoy mi\u00e9rcoles y los pr\u00f3ximos d\u00edas 8, 9 y 10 de julio, a las 12:00 horas, en la sala de grados del edificio 6, los profesores <strong>Juan Pablo P\u00e9rez y Ra\u00fal S\u00e1nchez<\/strong>, presentar\u00e1n el <strong>r\u00e9gimen de acceso a la abogac\u00eda conforme a la nueva normativa<\/strong>, centr\u00e1ndose principalmente en el M\u00e1ster que las personas interesadas deben realizar para realizar la colegiaci\u00f3n en el Ilustre Colegio de Abogados.<\/p>\n<p>De esta manera, presentar\u00e1n el t\u00edtulo conjunto con el M\u00e1ster Superior en Abogac\u00eda (MSA), con un plan estrat\u00e9gico y formativo completamente innovador, impartido por juristas y profesionales altamente cualificados, y unos \u00edndices de empleabilidad significativamente altos. Asimismo, se facilitar\u00e1 informaci\u00f3n sobre el programa de becas existente.<\/p>\n<p>Desde una perspectiva esencialmente pr\u00e1ctica, el programa conjunto se presenta como una de las mejores v\u00edas para acceder al mercado laboral, fruto del trabajo conjunto del alumnado y los profesionales que integran el equipo de profesores.<\/p>\n<p>Cada alumno\/a podr\u00e1 ampliar la formaci\u00f3n pr\u00e1ctica, extendiendo todos los conocimientos te\u00f3ricos adquiridos previamente en el grado en Derecho. Un programa de calidad, donde se integran las principales asesor\u00edas jur\u00eddicas, firmas y despachos de \u00e1mbito nacional e internacional, aportando profesionales en ejercicio de prestigio en su especialidad. El M\u00e1ster cuenta con un programa de pr\u00e1cticas profesionalizante, innovador, de calidad y con un alto \u00edndice de empleo.<\/p>\n<p>Los interesados\/as\u00a0 podr\u00e1n obtener m\u00e1s informaci\u00f3n consultando la web <a href=\"http:\/\/www.upo.es\/msa\">www.upo.es\/msa<\/a> o bien mandando un correo a <a href=\"mailto:masterabogacia@upo.es\">masterabogacia@upo.es<\/a>\u00a0 Tambi\u00e9n pueden llamar a los tel\u00e9fonos 954 34 89 49 \/ 954 34 89 63.<\/p>\n<p>&nbsp;<\/p>\n<p>&nbsp;<\/p>\n","protected":false},"excerpt":{"rendered":"<p>Hoy mi\u00e9rcoles y los pr\u00f3ximos d\u00edas 8, 9 y 10 de julio, a las 12:00 horas, en la sala de grados del edificio 6, los profesores Juan Pablo P\u00e9rez y Ra\u00fal S\u00e1nchez, presentar\u00e1n el r\u00e9gimen de acceso a la abogac\u00eda conforme a la nueva normativa, centr\u00e1ndose principalmente en el M\u00e1ster que las personas interesadas deben realizar para realizar la colegiaci\u00f3n en el Ilustre Colegio de Abogados.<\/p>\n","protected":false},"author":2,"featured_media":0,"comment_status":"closed","ping_status":"open","sticky":false,"template":"","format":"standard","meta":{"_monsterinsights_skip_tracking":false,"_monsterinsights_sitenote_active":false,"_monsterinsights_sitenote_note":"","_monsterinsights_sitenote_category":0,"footnotes":""},"categories":[6],"tags":[87,118,292],"class_list":["post-1127887","post","type-post","status-publish","format-standard","hentry","category-institucional","tag-derecho","tag-master","tag-master-superior-en-abogacia"],"_links":{"self":[{"href":"https:\/\/www.upo.es\/diario\/wp-json\/wp\/v2\/posts\/1127887","targetHints":{"allow":["GET"]}}],"collection":[{"href":"https:\/\/www.upo.es\/diario\/wp-json\/wp\/v2\/posts"}],"about":[{"href":"https:\/\/www.upo.es\/diario\/wp-json\/wp\/v2\/types\/post"}],"author":[{"embeddable":true,"href":"https:\/\/www.upo.es\/diario\/wp-json\/wp\/v2\/users\/2"}],"replies":[{"embeddable":true,"href":"https:\/\/www.upo.es\/diario\/wp-json\/wp\/v2\/comments?post=1127887"}],"version-history":[{"count":3,"href":"https:\/\/www.upo.es\/diario\/wp-json\/wp\/v2\/posts\/1127887\/revisions"}],"predecessor-version":[{"id":1127889,"href":"https:\/\/www.upo.es\/diario\/wp-json\/wp\/v2\/posts\/1127887\/revisions\/1127889"}],"wp:attachment":[{"href":"https:\/\/www.upo.es\/diario\/wp-json\/wp\/v2\/media?parent=1127887"}],"wp:term":[{"taxonomy":"category","embeddable":true,"href":"https:\/\/www.upo.es\/diario\/wp-json\/wp\/v2\/categories?post=1127887"},{"taxonomy":"post_tag","embeddable":true,"href":"https:\/\/www.upo.es\/diario\/wp-json\/wp\/v2\/tags?post=1127887"}],"curies":[{"name":"wp","href":"https:\/\/api.w.org\/{rel}","templated":true}]}}