{"id":11283760,"date":"2015-12-03T11:57:47","date_gmt":"2015-12-03T11:57:47","guid":{"rendered":"https:\/\/www.upo.es\/diario\/?p=11283760"},"modified":"2015-12-04T08:05:18","modified_gmt":"2015-12-04T08:05:18","slug":"las-ii-jornadas-nacionales-de-discapacidad-y-deporte-de-la-fundacion-samu-se-celebran-hoy-en-la-upo","status":"publish","type":"post","link":"https:\/\/www.upo.es\/diario\/institucional\/2015\/12\/las-ii-jornadas-nacionales-de-discapacidad-y-deporte-de-la-fundacion-samu-se-celebran-hoy-en-la-upo\/","title":{"rendered":"Las II Jornadas Nacionales de Discapacidad y Deporte de la Fundaci\u00f3n SAMU se celebran hoy en la UPO"},"content":{"rendered":"<figure id=\"attachment_11283762\" aria-describedby=\"caption-attachment-11283762\" style=\"width: 600px\" class=\"wp-caption aligncenter\"><a href=\"https:\/\/www.upo.es\/diario\/wp-content\/uploads\/2015\/12\/Jornadas-Discapacidad-Deporte-2.jpg\"><img loading=\"lazy\" decoding=\"async\" class=\"size-large wp-image-11283762\" alt=\"Inauguraci\u00f3n de las I Jornadas Nacionales de Discapacidad y Deporte.\" src=\"https:\/\/www.upo.es\/diario\/wp-content\/uploads\/2015\/12\/Jornadas-Discapacidad-Deporte-2-600x339.jpg\" width=\"600\" height=\"339\" srcset=\"https:\/\/www.upo.es\/diario\/wp-content\/uploads\/2015\/12\/Jornadas-Discapacidad-Deporte-2-600x339.jpg 600w, https:\/\/www.upo.es\/diario\/wp-content\/uploads\/2015\/12\/Jornadas-Discapacidad-Deporte-2-320x180.jpg 320w\" sizes=\"auto, (max-width: 600px) 100vw, 600px\" \/><\/a><figcaption id=\"caption-attachment-11283762\" class=\"wp-caption-text\">El tema principal de este encuentro es la investigaci\u00f3n, intervenci\u00f3n y salidas profesionales<\/figcaption><\/figure>\n<p>La Universidad Pablo de Olavide acoge hoy jueves 3 de diciembre, D\u00eda Internacional de las Personas con Discapacidad, las <b>II Jornadas Nacionales de Discapacidad y Deporte<\/b> organizadas por la <a href=\"https:\/\/www.samu.es\/fundacion-samu\/#.VmAjvtIveKo\">Fundaci\u00f3n Samu<\/a>. El acto ha sido inaugurado por el rector de la UPO, Vicente Guzm\u00e1n Fluja; el secretario general para el Deporte de la Junta de Andaluc\u00eda, Antonio Fern\u00e1ndez Mart\u00ednez; el presidente de la Fundaci\u00f3n SAMU, Carlos \u00c1lvarez Leivar; la decana de la Facultad de Deporte de la UPO, \u00c1frica Calvo Lluch, y el director general de Personas con Discapacidad de la Junta de Andaluc\u00eda, Gonzalo Rivas.<\/p>\n<p>El rector de la UPO, Vicente Guzm\u00e1n, ha se\u00f1alado que \u201cla Universidad Pablo de Olavide es una universidad comprometida y hace todo lo que puede para facilitar la integraci\u00f3n de las personas con discapacidad\u201d aunque, a\u00f1ade,\u00a0 \u201ca\u00fan hay mucho por hacer\u201d. El rector tambi\u00e9n ha destacado la importancia que tiene la investigaci\u00f3n para mejorar la vida de las personas discapacitadas. Por otro lado, Vicente Guzm\u00e1n ha destacado los beneficios que proporciona el deporte, y ha afirmado que \u00a0\u201cla pr\u00e1ctica deportiva contribuye a mejorar nuestra salud y facilita la integraci\u00f3n social\u201d.<\/p>\n<figure id=\"attachment_11283761\" aria-describedby=\"caption-attachment-11283761\" style=\"width: 320px\" class=\"wp-caption alignright\"><a href=\"https:\/\/www.upo.es\/diario\/wp-content\/uploads\/2015\/12\/Alvaro-Galan.jpg\"><img loading=\"lazy\" decoding=\"async\" class=\"size-medium wp-image-11283761\" alt=\"\u00c1lvaro Gal\u00e1n\" src=\"https:\/\/www.upo.es\/diario\/wp-content\/uploads\/2015\/12\/Alvaro-Galan-320x213.jpg\" width=\"320\" height=\"213\" srcset=\"https:\/\/www.upo.es\/diario\/wp-content\/uploads\/2015\/12\/Alvaro-Galan-320x213.jpg 320w, https:\/\/www.upo.es\/diario\/wp-content\/uploads\/2015\/12\/Alvaro-Galan-600x400.jpg 600w\" sizes=\"auto, (max-width: 320px) 100vw, 320px\" \/><\/a><figcaption id=\"caption-attachment-11283761\" class=\"wp-caption-text\">\u00c1lvaro Gal\u00e1n<\/figcaption><\/figure>\n<p>Tras la inauguraci\u00f3n, <strong>el presidente de la Federaci\u00f3n Madrile\u00f1a de Deportes de Par\u00e1lisis Cerebral, \u00c1lvaro Gal\u00e1n Flor\u00eda, ha impartido la conferencia inaugural \u201cC\u00f3mo fomentar la participaci\u00f3n e integraci\u00f3n: Experiencias en la federaci\u00f3n madrile\u00f1a de deportes para personas con par\u00e1lisis cerebral\u201d<\/strong>.<\/p>\n<p>El tema principal de este encuentro es la investigaci\u00f3n, intervenci\u00f3n y salidas profesionales. Para ello, se ha dise\u00f1ado un espacio multidisciplinar creado para el di\u00e1logo, el intercambio y la comprensi\u00f3n acerca de los temas de discapacidad y una mayor conciencia de los beneficios que se obtienen a trav\u00e9s de la integraci\u00f3n plena y efectiva de las personas con discapacidad en la vida social y el desarrollo.<\/p>\n<p>Este encuentro ha reunido en la Universidad Pablo de Olavide a expertos espa\u00f1oles en discapacidad y deporte, tales como el presidente de SAMEDE (Sociedad Andaluza de Medicina del Deporte), Juan de Dios Beas; el presidente del Colegio de Licenciados en Educaci\u00f3n F\u00edsica de Andaluc\u00eda, Alejandro Serrano, y el presidente de la Asociaci\u00f3n Espa\u00f1ola de Fisioterapeutas en Salud Mental, Daniel Catal\u00e1n, quienes abordar\u00e1n la investigaci\u00f3n, intervenci\u00f3n y las salidas profesionales en el \u00e1mbito de la actividad f\u00edsica y la discapacidad.<\/p>\n<p>En este sentido, a lo largo de la jornadas se abordar\u00e1n temas tales como la Ley del Deporte en Andaluc\u00eda; la investigaci\u00f3n, discapacidad y la actividad f\u00edsica; los test v\u00e1lidos para medir la condici\u00f3n f\u00edsica; las experiencias de intervenci\u00f3n en fisioterapia y discapacidad intelectual; las salidas y retos profesionales en el \u00e1mbito de la actividad f\u00edsica y la discapacidad intelectual, entre otros.<\/p>\n<p>Estas jornadas, de car\u00e1cter cient\u00edfico, tienen como objetivo proporcionar un foro de encuentro y discusi\u00f3n, abierto a los profesionales que trabajan e investigan en el campo de la inclusi\u00f3n educativa, laboral y comunitaria; fomentar el desarrollo y difusi\u00f3n de las investigaciones y de pr\u00e1cticas profesionales y organizacionales; desarrollar v\u00edas de intercambio y participaci\u00f3n entre investigadores de Espa\u00f1a, Europa e Iberoam\u00e9rica para proponer l\u00edneas de investigaci\u00f3n futura, y aportar experiencias y propuestas para el cambio y mejora de los programas, centros y organizaciones dedicadas al colectivo de discapacitados intelectuales.<\/p>\n<p>Esta actividad nace englobada dentro del proyecto de Fundaci\u00f3n SAMU: \u201c4 ESTACIONES, por la integraci\u00f3n\u00bb con el que pretenden mejorar la calidad de vida del colectivo de personas con discapacidad, que adquieran un h\u00e1bito de vida saludable, integren los valores del trabajo en equipo, la amistad, el compa\u00f1erismo, la superaci\u00f3n, motivaci\u00f3n y aumenten su autoestima.<\/p>\n<p>Fotogaler\u00eda en Flickr:<\/p>\n<p><a title=\"II Jornadas Nacionales de Discapacidad y Deporte\" href=\"https:\/\/www.flickr.com\/photos\/pablodeolavide\/albums\/72157661793737952\" data-flickr-embed=\"true\"><img loading=\"lazy\" decoding=\"async\" alt=\"II Jornadas Nacionales de Discapacidad y Deporte\" src=\"https:\/\/farm1.staticflickr.com\/646\/23382725212_8fdc936637_c.jpg\" width=\"534\" height=\"800\" \/><\/a><script charset=\"utf-8\" type=\"text\/javascript\" src=\"\/\/embedr.flickr.com\/assets\/client-code.js\" async=\"\"><\/script><\/p>\n","protected":false},"excerpt":{"rendered":"<p>La Universidad Pablo de Olavide acoge hoy, D\u00eda Internacional de las Personas con Discapacidad, las II Jornadas Nacionales de Discapacidad y Deporte organizadas por la Fundaci\u00f3n Samu. El acto ha sido inaugurado por el rector de la UPO, Vicente Guzm\u00e1n Fluja; el secretario general para el Deporte de la Junta de Andaluc\u00eda, Antonio Fern\u00e1ndez Mart\u00ednez; el presidente de la Fundaci\u00f3n SAMU, Carlos \u00c1lvarez Leivar; la decana de la Facultad de Deporte de la UPO, \u00c1frica Calvo Lluch, y el director general de Personas con Discapacidad de la Junta de Andaluc\u00eda, Gonzalo Rivas. <\/p>\n","protected":false},"author":6,"featured_media":0,"comment_status":"closed","ping_status":"open","sticky":false,"template":"","format":"standard","meta":{"_monsterinsights_skip_tracking":false,"_monsterinsights_sitenote_active":false,"_monsterinsights_sitenote_note":"","_monsterinsights_sitenote_category":0,"footnotes":""},"categories":[6],"tags":[231,1210,438,379,503,2813,56,391],"class_list":["post-11283760","post","type-post","status-publish","format-standard","hentry","category-institucional","tag-deportes-2","tag-discapacidad","tag-empleo","tag-facultad-del-deporte","tag-fundacion","tag-integracion","tag-investigacion","tag-salidas-profesionales"],"_links":{"self":[{"href":"https:\/\/www.upo.es\/diario\/wp-json\/wp\/v2\/posts\/11283760","targetHints":{"allow":["GET"]}}],"collection":[{"href":"https:\/\/www.upo.es\/diario\/wp-json\/wp\/v2\/posts"}],"about":[{"href":"https:\/\/www.upo.es\/diario\/wp-json\/wp\/v2\/types\/post"}],"author":[{"embeddable":true,"href":"https:\/\/www.upo.es\/diario\/wp-json\/wp\/v2\/users\/6"}],"replies":[{"embeddable":true,"href":"https:\/\/www.upo.es\/diario\/wp-json\/wp\/v2\/comments?post=11283760"}],"version-history":[{"count":3,"href":"https:\/\/www.upo.es\/diario\/wp-json\/wp\/v2\/posts\/11283760\/revisions"}],"predecessor-version":[{"id":11293110,"href":"https:\/\/www.upo.es\/diario\/wp-json\/wp\/v2\/posts\/11283760\/revisions\/11293110"}],"wp:attachment":[{"href":"https:\/\/www.upo.es\/diario\/wp-json\/wp\/v2\/media?parent=11283760"}],"wp:term":[{"taxonomy":"category","embeddable":true,"href":"https:\/\/www.upo.es\/diario\/wp-json\/wp\/v2\/categories?post=11283760"},{"taxonomy":"post_tag","embeddable":true,"href":"https:\/\/www.upo.es\/diario\/wp-json\/wp\/v2\/tags?post=11283760"}],"curies":[{"name":"wp","href":"https:\/\/api.w.org\/{rel}","templated":true}]}}