{"id":1133341,"date":"2013-07-04T05:55:16","date_gmt":"2013-07-04T05:55:16","guid":{"rendered":"https:\/\/www.upo.es\/diario\/?p=1133341"},"modified":"2013-07-04T07:18:44","modified_gmt":"2013-07-04T07:18:44","slug":"manana-ceremonia-fin-de-carrera-de-humanidades-y-la-doble-en-humanidades-y-traduccion-e-interpretacion-de-la-upo","status":"publish","type":"post","link":"https:\/\/www.upo.es\/diario\/institucional\/2013\/07\/manana-ceremonia-fin-de-carrera-de-humanidades-y-la-doble-en-humanidades-y-traduccion-e-interpretacion-de-la-upo\/","title":{"rendered":"Hoy, Ceremonia Fin de Carrera de Humanidades y la doble en Humanidades y Traducci\u00f3n e Interpretaci\u00f3n de la UPO"},"content":{"rendered":"<p><span style=\"text-decoration: underline;\">Hoy jueves, 4 de julio, a las 19 horas en el Paraninfo de la Universidad Pablo de Olavide<\/span>, se celebrar\u00e1 la ceremonia Fin de Carrera de las promociones 2008\/2013 de la licenciatura en Humanidades y de la conjunta en Humanidades y Traducci\u00f3n e Interpretaci\u00f3n, que estar\u00e1 presidida por el decano de la Facultad de Humanidades, Jos\u00e9 Miguel Mart\u00edn Mart\u00edn.<\/p>\n<p>Los padrinos de las promociones ser\u00e1n los profesores del departamento de Geograf\u00eda, Historia y Filosof\u00eda de la UPO, Silvia P\u00e9rez Gonz\u00e1lez y Jos\u00e9 Ram\u00f3n Carrillo D\u00edaz-Pines. Asimismo, a la ceremonia tambi\u00e9n asistir\u00e1n Mar\u00eda Dolores P\u00e9rez Bernal, vicedecana de Planificaci\u00f3n, Calidad e Innovaci\u00f3n y la profesora del departamento de Filolog\u00eda y Traducci\u00f3n, M\u00aa Elena de la Cova Morillo-Velarde.<\/p>\n<p>Un total de 24 egresados &#8211; 9 pertenecientes a la licenciatura en Humanidades y 15 a la conjunta en Humanidades y Traducci\u00f3n e Interpretaci\u00f3n &#8211; han confirmado su asistencia, junto a sus familiares, a este acto con el que la Universidad Pablo de Olavide recupera una antigua tradici\u00f3n de las universidades europeas.<\/p>\n<p align=\"center\"><b><span style=\"text-decoration: underline;\">Programa Ceremonia Fin de Carrera<\/span><\/b><\/p>\n<p align=\"center\">19 horas.<\/p>\n<p align=\"center\">Paraninfo. Universidad Pablo de Olavide<\/p>\n<p align=\"center\">\u00a0&#8211; Apertura del acto.<\/p>\n<p align=\"center\">\u00a0&#8211; Mensaje de los padrinos de las \u00a0promociones: Silvia P\u00e9rez Gonz\u00e1lez y Jos\u00e9 Ram\u00f3n Carrillo D\u00edaz-Pines, profesores del departamento de Geograf\u00eda, Historia y Filosof\u00eda de la UPO.<\/p>\n<p align=\"center\">\u00a0&#8211; Imposici\u00f3n de becas a los estudiantes.<\/p>\n<p align=\"center\">\u00a0&#8211; Intervenci\u00f3n de los representantes de los estudiantes: Celia Fern\u00e1ndez Galv\u00e1n de la licenciatura en Humanidades, y Marta Garz\u00f3n M\u00e1rquez y M\u00aa del Carmen Velasco Montiel de la licenciatura conjunta en Humanidades y Traducci\u00f3n e Interpretaci\u00f3n.<\/p>\n<p align=\"center\">\u00a0&#8211; Palabras y clausura del decano de la Facultad de Humanidades, Jos\u00e9 Miguel Mart\u00edn Mart\u00edn.<\/p>\n<p align=\"center\">\u00a0&#8211; Himno Universitario.<\/p>\n","protected":false},"excerpt":{"rendered":"<p>Ma\u00f1ana jueves, 4 de julio, a las 19 horas en el Paraninfo de la Universidad Pablo de Olavide, se celebrar\u00e1 la ceremonia Fin de Carrera de las promociones 2008\/2013 de la licenciatura en Humanidades y de la conjunta en Humanidades y Traducci\u00f3n e Interpretaci\u00f3n, que estar\u00e1 presidida por el decano de la Facultad de Humanidades, Jos\u00e9 Miguel Mart\u00edn Mart\u00edn.<\/p>\n","protected":false},"author":4,"featured_media":0,"comment_status":"closed","ping_status":"open","sticky":false,"template":"","format":"standard","meta":{"_monsterinsights_skip_tracking":false,"_monsterinsights_sitenote_active":false,"_monsterinsights_sitenote_note":"","_monsterinsights_sitenote_category":0,"footnotes":""},"categories":[6],"tags":[581,96,132,599,754],"class_list":["post-1133341","post","type-post","status-publish","format-standard","hentry","category-institucional","tag-ceremonia-de-egresados","tag-facultad-de-humanidades","tag-humanidades","tag-licenciaturas","tag-traduccion-e-interpretacion"],"_links":{"self":[{"href":"https:\/\/www.upo.es\/diario\/wp-json\/wp\/v2\/posts\/1133341","targetHints":{"allow":["GET"]}}],"collection":[{"href":"https:\/\/www.upo.es\/diario\/wp-json\/wp\/v2\/posts"}],"about":[{"href":"https:\/\/www.upo.es\/diario\/wp-json\/wp\/v2\/types\/post"}],"author":[{"embeddable":true,"href":"https:\/\/www.upo.es\/diario\/wp-json\/wp\/v2\/users\/4"}],"replies":[{"embeddable":true,"href":"https:\/\/www.upo.es\/diario\/wp-json\/wp\/v2\/comments?post=1133341"}],"version-history":[{"count":5,"href":"https:\/\/www.upo.es\/diario\/wp-json\/wp\/v2\/posts\/1133341\/revisions"}],"predecessor-version":[{"id":1138147,"href":"https:\/\/www.upo.es\/diario\/wp-json\/wp\/v2\/posts\/1133341\/revisions\/1138147"}],"wp:attachment":[{"href":"https:\/\/www.upo.es\/diario\/wp-json\/wp\/v2\/media?parent=1133341"}],"wp:term":[{"taxonomy":"category","embeddable":true,"href":"https:\/\/www.upo.es\/diario\/wp-json\/wp\/v2\/categories?post=1133341"},{"taxonomy":"post_tag","embeddable":true,"href":"https:\/\/www.upo.es\/diario\/wp-json\/wp\/v2\/tags?post=1133341"}],"curies":[{"name":"wp","href":"https:\/\/api.w.org\/{rel}","templated":true}]}}