{"id":1133585,"date":"2013-07-03T00:15:54","date_gmt":"2013-07-03T00:15:54","guid":{"rendered":"https:\/\/www.upo.es\/diario\/?p=1133585"},"modified":"2013-07-04T12:16:05","modified_gmt":"2013-07-04T12:16:05","slug":"manana-comienza-en-carmona-el-curso-fisioterapia-en-las-raquialgias-cronicas-inespecificas-la-tecnica-de-alexander","status":"publish","type":"post","link":"https:\/\/www.upo.es\/diario\/institucional\/2013\/07\/manana-comienza-en-carmona-el-curso-fisioterapia-en-las-raquialgias-cronicas-inespecificas-la-tecnica-de-alexander\/","title":{"rendered":"Ma\u00f1ana comienza en Carmona el curso \u201cFisioterapia en las raquialgias cr\u00f3nicas inespec\u00edficas. La t\u00e9cnica de Alexander\u201d"},"content":{"rendered":"<figure id=\"attachment_1105267\" aria-describedby=\"caption-attachment-1105267\" style=\"width: 320px\" class=\"wp-caption alignright\"><a href=\"https:\/\/www.upo.es\/diario\/wp-content\/uploads\/2013\/06\/CursosdeVerano2013-1.jpg\"><img loading=\"lazy\" decoding=\"async\" class=\"size-medium wp-image-1105267\" alt=\"Cursos de Verano de la UPO 2013, cartel\" src=\"https:\/\/www.upo.es\/diario\/wp-content\/uploads\/2013\/06\/CursosdeVerano2013-1-320x213.jpg\" width=\"320\" height=\"213\" srcset=\"https:\/\/www.upo.es\/diario\/wp-content\/uploads\/2013\/06\/CursosdeVerano2013-1-320x213.jpg 320w, https:\/\/www.upo.es\/diario\/wp-content\/uploads\/2013\/06\/CursosdeVerano2013-1-1024x682.jpg 1024w, https:\/\/www.upo.es\/diario\/wp-content\/uploads\/2013\/06\/CursosdeVerano2013-1-600x399.jpg 600w\" sizes=\"auto, (max-width: 320px) 100vw, 320px\" \/><\/a><figcaption id=\"caption-attachment-1105267\" class=\"wp-caption-text\">Los Cursos de Verano se celebran en la sede universitaria de la UPO en Carmona<\/figcaption><\/figure>\n<p>Ma\u00f1ana jueves 4 de julio comenzar\u00e1 en Carmona un nuevo curso de verano de la Universidad Pablo de Olavide denominado <b>\u201c<a href=\"http:\/\/www.upo.es\/olavideencarmona\/export\/sites\/upo_carmona\/documentos\/2013\/2013cc12.pdf\">Fisioterapia en las raquialgias cr\u00f3nicas inespec\u00edficas. La t\u00e9cnica de Alexander<\/a>\u201d<\/b>, un seminario que pone al alcance de los participantes los conocimientos m\u00e1s actuales sobre el manejo fisioterap\u00e9utico activo del paciente con raquialgia de origen mec\u00e1nico. Mediante talleres pr\u00e1cticos, este curso ofrecer\u00e1 una amplia introducci\u00f3n a esta novedosa y eficaz t\u00e9cnica de reeducaci\u00f3n motora poco conocida en Espa\u00f1a.<\/p>\n<p>As\u00ed, <span style=\"text-decoration: underline;\">ma\u00f1ana jueves a las 10 horas en el Hotel Alc\u00e1zar de la Reina<\/span>, este curso ser\u00e1 inaugurado por su coordinadora, Giuseppa Caputo, profesora del Departamento de Fisioterapia y Ergonom\u00eda de la UPO, quien, a las 11 horas, impartir\u00e1 la conferencia \u201cLa fisioterapia en las raquialgias cr\u00f3nicas inespec\u00edficas. Diagn\u00f3stico y tratamientos activos\u201d. A las 12.30 horas, el profesor Jos\u00e9 Castillo Vela, profesor de la t\u00e9cnica de Alexander, ofrecer\u00e1 una ponencia en la que realizar\u00e1 una introducci\u00f3n a esta t\u00e9cnica. Por la tarde, a las 16 horas, Giuseppa Caputo y Jos\u00e9 Castillo Vela impartir\u00e1n el taller \u201cT\u00e9cnica Alexander. Principios Fundamentales\u201d.<\/p>\n<p>Por su parte, ma\u00f1ana jueves contin\u00faa en Carmona el curso <b>\u201cLa cata del aceite de oliva virgen. Cultura y Maridaje\u201d. <\/b>La primera de las actividades programadas es una visita <span style=\"text-decoration: underline;\">a las 10 horas<\/span> a las instalaciones de Basilippo, a cargo de Juan Antonio Morillo, director de producci\u00f3n de Oleomorillo S.L. y gerente del Centro Cultural del Olivo Basilippo y La Oleoescuela, y de Gin\u00e9s Busto Casanova, director de BC Log\u00edstica. A las 12.30 horas los participantes se trasladar\u00e1n a la Casa Palacio de Los Briones para asistir al taller \u201cMaridaje\u201d, a cargo del chef del restaurante M\u00e1s que Tapas, de El Viso del Alcor, Eduardo Vergara. Por la tarde, a las 16.30 horas,\u00a0 Anunciaci\u00f3n Carpio, bi\u00f3loga y especialista en grasas y aceites de la Consejer\u00eda de Agricultura, Pesca y Medio Ambiente, ofrecer\u00e1 el taller \u201cCata de aceites virgen extra en variedades at\u00edpicas\u201d.<\/p>\n","protected":false},"excerpt":{"rendered":"<p>Ma\u00f1ana jueves 4 de julio comenzar\u00e1 en Carmona un nuevo curso de verano de la Universidad Pablo de Olavide denominado \u201cFisioterapia en las raquialgias cr\u00f3nicas inespec\u00edficas. La t\u00e9cnica de Alexander\u201d, un seminario que pone al alcance de los participantes los conocimientos m\u00e1s actuales sobre el manejo fisioterap\u00e9utico activo del paciente con raquialgia de origen mec\u00e1nico. Mediante talleres pr\u00e1cticos, este curso ofrecer\u00e1 una amplia introducci\u00f3n a esta novedosa y eficaz t\u00e9cnica de reeducaci\u00f3n motora poco conocida en Espa\u00f1a.<\/p>\n","protected":false},"author":2,"featured_media":0,"comment_status":"closed","ping_status":"open","sticky":false,"template":"","format":"standard","meta":{"_monsterinsights_skip_tracking":false,"_monsterinsights_sitenote_active":false,"_monsterinsights_sitenote_note":"","_monsterinsights_sitenote_category":0,"footnotes":""},"categories":[6],"tags":[22,519,78],"class_list":["post-1133585","post","type-post","status-publish","format-standard","hentry","category-institucional","tag-cursos-de-verano","tag-olavide-en-carmona","tag-seminario"],"_links":{"self":[{"href":"https:\/\/www.upo.es\/diario\/wp-json\/wp\/v2\/posts\/1133585","targetHints":{"allow":["GET"]}}],"collection":[{"href":"https:\/\/www.upo.es\/diario\/wp-json\/wp\/v2\/posts"}],"about":[{"href":"https:\/\/www.upo.es\/diario\/wp-json\/wp\/v2\/types\/post"}],"author":[{"embeddable":true,"href":"https:\/\/www.upo.es\/diario\/wp-json\/wp\/v2\/users\/2"}],"replies":[{"embeddable":true,"href":"https:\/\/www.upo.es\/diario\/wp-json\/wp\/v2\/comments?post=1133585"}],"version-history":[{"count":11,"href":"https:\/\/www.upo.es\/diario\/wp-json\/wp\/v2\/posts\/1133585\/revisions"}],"predecessor-version":[{"id":1139368,"href":"https:\/\/www.upo.es\/diario\/wp-json\/wp\/v2\/posts\/1133585\/revisions\/1139368"}],"wp:attachment":[{"href":"https:\/\/www.upo.es\/diario\/wp-json\/wp\/v2\/media?parent=1133585"}],"wp:term":[{"taxonomy":"category","embeddable":true,"href":"https:\/\/www.upo.es\/diario\/wp-json\/wp\/v2\/categories?post=1133585"},{"taxonomy":"post_tag","embeddable":true,"href":"https:\/\/www.upo.es\/diario\/wp-json\/wp\/v2\/tags?post=1133585"}],"curies":[{"name":"wp","href":"https:\/\/api.w.org\/{rel}","templated":true}]}}