{"id":1133589,"date":"2013-07-04T06:10:50","date_gmt":"2013-07-04T06:10:50","guid":{"rendered":"https:\/\/www.upo.es\/diario\/?p=1133589"},"modified":"2013-07-04T07:17:52","modified_gmt":"2013-07-04T07:17:52","slug":"la-upo-y-el-colegio-andaluz-de-doctores-y-licenciados-en-ciencias-politicas-y-sociologia-firman-manana-un-convenio-de-colaboracion","status":"publish","type":"post","link":"https:\/\/www.upo.es\/diario\/institucional\/2013\/07\/la-upo-y-el-colegio-andaluz-de-doctores-y-licenciados-en-ciencias-politicas-y-sociologia-firman-manana-un-convenio-de-colaboracion\/","title":{"rendered":"La UPO y el Colegio Andaluz de Doctores y Licenciados en Ciencias Pol\u00edticas y Sociolog\u00eda firman hoy un convenio de colaboraci\u00f3n"},"content":{"rendered":"<p>El rector de la Universidad Pablo de Olavide, Vicente Guzm\u00e1n Fluja, y el presidente del Colegio Andaluz de Doctores y Licenciados en Ciencias Pol\u00edticas y Sociolog\u00eda, Jaime Andreu Abela, firmar\u00e1n hoy jueves 4 de julio, a las 13:30 h. en la sala de prensa de la UPO, un convenio de cooperaci\u00f3n educativa.<\/p>\n","protected":false},"excerpt":{"rendered":"<p>El rector de la Universidad Pablo de Olavide, Vicente Guzm\u00e1n Fluja, y el presidente del Colegio Andaluz de Doctores y Licenciados en Ciencias Pol\u00edticas y Sociolog\u00eda, Jaime Andreu Abela, firmar\u00e1n hoy jueves 4 de julio, a las 13:30 h. en la sala de prensa de la UPO, un convenio de cooperaci\u00f3n educativa.<\/p>\n","protected":false},"author":2,"featured_media":0,"comment_status":"closed","ping_status":"open","sticky":false,"template":"","format":"standard","meta":{"_monsterinsights_skip_tracking":false,"_monsterinsights_sitenote_active":false,"_monsterinsights_sitenote_note":"","_monsterinsights_sitenote_category":0,"footnotes":""},"categories":[6],"tags":[],"class_list":["post-1133589","post","type-post","status-publish","format-standard","hentry","category-institucional"],"_links":{"self":[{"href":"https:\/\/www.upo.es\/diario\/wp-json\/wp\/v2\/posts\/1133589","targetHints":{"allow":["GET"]}}],"collection":[{"href":"https:\/\/www.upo.es\/diario\/wp-json\/wp\/v2\/posts"}],"about":[{"href":"https:\/\/www.upo.es\/diario\/wp-json\/wp\/v2\/types\/post"}],"author":[{"embeddable":true,"href":"https:\/\/www.upo.es\/diario\/wp-json\/wp\/v2\/users\/2"}],"replies":[{"embeddable":true,"href":"https:\/\/www.upo.es\/diario\/wp-json\/wp\/v2\/comments?post=1133589"}],"version-history":[{"count":3,"href":"https:\/\/www.upo.es\/diario\/wp-json\/wp\/v2\/posts\/1133589\/revisions"}],"predecessor-version":[{"id":1133592,"href":"https:\/\/www.upo.es\/diario\/wp-json\/wp\/v2\/posts\/1133589\/revisions\/1133592"}],"wp:attachment":[{"href":"https:\/\/www.upo.es\/diario\/wp-json\/wp\/v2\/media?parent=1133589"}],"wp:term":[{"taxonomy":"category","embeddable":true,"href":"https:\/\/www.upo.es\/diario\/wp-json\/wp\/v2\/categories?post=1133589"},{"taxonomy":"post_tag","embeddable":true,"href":"https:\/\/www.upo.es\/diario\/wp-json\/wp\/v2\/tags?post=1133589"}],"curies":[{"name":"wp","href":"https:\/\/api.w.org\/{rel}","templated":true}]}}