{"id":1133841,"date":"2013-07-04T06:00:50","date_gmt":"2013-07-04T06:00:50","guid":{"rendered":"https:\/\/www.upo.es\/diario\/?p=1133841"},"modified":"2013-07-04T07:13:00","modified_gmt":"2013-07-04T07:13:00","slug":"la-diputacion-destina-un-fondo-economico-a-las-universidades-sevillanas-de-compensacion-a-los-alumnos-afectados-por-la-politica-de-becas-del-gobierno","status":"publish","type":"post","link":"https:\/\/www.upo.es\/diario\/institucional\/2013\/07\/la-diputacion-destina-un-fondo-economico-a-las-universidades-sevillanas-de-compensacion-a-los-alumnos-afectados-por-la-politica-de-becas-del-gobierno\/","title":{"rendered":"La Diputaci\u00f3n destina un fondo econ\u00f3mico a las universidades sevillanas, de compensaci\u00f3n a los alumnos afectados por la pol\u00edtica de becas del Gobierno"},"content":{"rendered":"<p>Con el objetivo de compensar a los alumnos afectados por la pol\u00edtica de becas del Gobierno de la naci\u00f3n, la Diputaci\u00f3n va a destinar un fondo econ\u00f3mico a las universidades sevillanas y, para hablar de sus pormenores y de su articulaci\u00f3n, su presidente, Fernando Rodr\u00edguez Villalobos, va a mantener un encuentro con los rectores de las dos universidades: Vicente Guzm\u00e1n Fluja, de la Universidad Pablo de Olavide, y Antonio Ram\u00edrez Arellano, de la Hispalense.<\/p>\n<p>El encuentro tendr\u00e1 lugar hoy jueves 4 de julio, a las 11 horas, en la sede de la Diputaci\u00f3n (Avda. Men\u00e9ndez y Pelayo, 32).<\/p>\n","protected":false},"excerpt":{"rendered":"<p>Con el objetivo de compensar a los alumnos afectados por la pol\u00edtica de becas del Gobierno de la naci\u00f3n, la Diputaci\u00f3n va a destinar un fondo econ\u00f3mico a las universidades sevillanas y, para hablar de sus pormenores y de su articulaci\u00f3n, su presidente, Fernando Rodr\u00edguez Villalobos, va a mantener un encuentro con los rectores de las dos universidades: Vicente Guzm\u00e1n Fluja, de la Universidad Pablo de Olavide, y Antonio Ram\u00edrez Arellano, de la Hispalense.<\/p>\n","protected":false},"author":6,"featured_media":0,"comment_status":"closed","ping_status":"open","sticky":false,"template":"","format":"standard","meta":{"_monsterinsights_skip_tracking":false,"_monsterinsights_sitenote_active":false,"_monsterinsights_sitenote_note":"","_monsterinsights_sitenote_category":0,"footnotes":""},"categories":[6],"tags":[64,327,21,244,38,161,39],"class_list":["post-1133841","post","type-post","status-publish","format-standard","hentry","category-institucional","tag-becas","tag-diputacion","tag-estudiantes","tag-ministerio-de-educacion","tag-rector","tag-sevilla","tag-universidades"],"_links":{"self":[{"href":"https:\/\/www.upo.es\/diario\/wp-json\/wp\/v2\/posts\/1133841","targetHints":{"allow":["GET"]}}],"collection":[{"href":"https:\/\/www.upo.es\/diario\/wp-json\/wp\/v2\/posts"}],"about":[{"href":"https:\/\/www.upo.es\/diario\/wp-json\/wp\/v2\/types\/post"}],"author":[{"embeddable":true,"href":"https:\/\/www.upo.es\/diario\/wp-json\/wp\/v2\/users\/6"}],"replies":[{"embeddable":true,"href":"https:\/\/www.upo.es\/diario\/wp-json\/wp\/v2\/comments?post=1133841"}],"version-history":[{"count":3,"href":"https:\/\/www.upo.es\/diario\/wp-json\/wp\/v2\/posts\/1133841\/revisions"}],"predecessor-version":[{"id":1133843,"href":"https:\/\/www.upo.es\/diario\/wp-json\/wp\/v2\/posts\/1133841\/revisions\/1133843"}],"wp:attachment":[{"href":"https:\/\/www.upo.es\/diario\/wp-json\/wp\/v2\/media?parent=1133841"}],"wp:term":[{"taxonomy":"category","embeddable":true,"href":"https:\/\/www.upo.es\/diario\/wp-json\/wp\/v2\/categories?post=1133841"},{"taxonomy":"post_tag","embeddable":true,"href":"https:\/\/www.upo.es\/diario\/wp-json\/wp\/v2\/tags?post=1133841"}],"curies":[{"name":"wp","href":"https:\/\/api.w.org\/{rel}","templated":true}]}}