{"id":11351875,"date":"2015-12-09T14:15:48","date_gmt":"2015-12-09T14:15:48","guid":{"rendered":"https:\/\/www.upo.es\/diario\/?p=11351875"},"modified":"2015-12-10T14:10:30","modified_gmt":"2015-12-10T14:10:30","slug":"jesus-cambra-elegido-decano-de-la-facultad-de-ciencias-empresariales-de-la-upo","status":"publish","type":"post","link":"https:\/\/www.upo.es\/diario\/institucional\/2015\/12\/jesus-cambra-elegido-decano-de-la-facultad-de-ciencias-empresariales-de-la-upo\/","title":{"rendered":"Jes\u00fas Cambra, elegido decano de la Facultad de Ciencias Empresariales de la UPO"},"content":{"rendered":"<div>\n<figure id=\"attachment_11351876\" aria-describedby=\"caption-attachment-11351876\" style=\"width: 600px\" class=\"wp-caption aligncenter\"><a href=\"https:\/\/www.upo.es\/diario\/wp-content\/uploads\/2015\/12\/jesuscambra.jpg\"><img loading=\"lazy\" decoding=\"async\" class=\"size-large wp-image-11351876\" alt=\"Jes\u00fas Cambra.\" src=\"https:\/\/www.upo.es\/diario\/wp-content\/uploads\/2015\/12\/jesuscambra-600x399.jpg\" width=\"600\" height=\"399\" srcset=\"https:\/\/www.upo.es\/diario\/wp-content\/uploads\/2015\/12\/jesuscambra-600x399.jpg 600w, https:\/\/www.upo.es\/diario\/wp-content\/uploads\/2015\/12\/jesuscambra-320x213.jpg 320w\" sizes=\"auto, (max-width: 600px) 100vw, 600px\" \/><\/a><figcaption id=\"caption-attachment-11351876\" class=\"wp-caption-text\">Jes\u00fas Cambra.<\/figcaption><\/figure>\n<p>Jes\u00fas Cambra Fierro, profesor del \u00e1rea de Comercializaci\u00f3n e Investigaci\u00f3n de Mercados del Departamento de Organizaci\u00f3n de Empresas y Marketing, ha sido elegido nuevo decano de la Facultad de Ciencias Empresariales de la Universidad Pablo de Olavide, una vez finalizado el proceso electoral en este centro. Jes\u00fas Cambra sustituye en el cargo al anterior decano, Francisco Carrasco Fenech.<\/p>\n<p><b>Jes\u00fas Cambra Fierro<\/b> es licenciado en Administraci\u00f3n y Direcci\u00f3n de Empresas y licenciado en Econom\u00eda por la Universidad de Zaragoza. Doctor en Comercializaci\u00f3n e Investigaci\u00f3n de Mercados por la misma Universidad. Es Profesor Titular en el Departamento de Organizaci\u00f3n de Empresas y Marketing de la Universidad Pablo de Olavide. Est\u00e1 acreditado a C\u00e1tedra desde 2013. Adem\u00e1s, es Honorary Research Fellow por la University of Strathclyde, Glasgow (RU).<\/p>\n<p>Sus investigaciones se centran en el \u00e1mbito de marketing estrat\u00e9gico, concretamente en el sector servicios y B2B, y en <i>Supply Chain Management<\/i>. Tambi\u00e9n tiene aportaciones relevantes en \u00e1reas relacionadas con \u00e9tica empresarial. Participa de forma continuada en proyectos de I+D nacionales y europeos.<\/p>\n<\/div>\n<div><\/div>\n","protected":false},"excerpt":{"rendered":"<p>Jes\u00fas Cambra Fierro, profesor del \u00e1rea de Comercializaci\u00f3n e Investigaci\u00f3n de Mercados del Departamento de Organizaci\u00f3n de Empresas y Marketing, ha sido elegido nuevo decano de la Facultad de Ciencias Empresariales de la Universidad Pablo de Olavide, una vez finalizado el proceso electoral en este centro. Jes\u00fas Cambra sustituye en el cargo al anterior decano, Francisco Carrasco Fenech.<\/p>\n","protected":false},"author":2,"featured_media":0,"comment_status":"closed","ping_status":"open","sticky":false,"template":"","format":"standard","meta":{"_monsterinsights_skip_tracking":false,"_monsterinsights_sitenote_active":false,"_monsterinsights_sitenote_note":"","_monsterinsights_sitenote_category":0,"footnotes":""},"categories":[6],"tags":[1950,360],"class_list":["post-11351875","post","type-post","status-publish","format-standard","hentry","category-institucional","tag-decano","tag-facultad-de-ciencias-empresariales"],"_links":{"self":[{"href":"https:\/\/www.upo.es\/diario\/wp-json\/wp\/v2\/posts\/11351875","targetHints":{"allow":["GET"]}}],"collection":[{"href":"https:\/\/www.upo.es\/diario\/wp-json\/wp\/v2\/posts"}],"about":[{"href":"https:\/\/www.upo.es\/diario\/wp-json\/wp\/v2\/types\/post"}],"author":[{"embeddable":true,"href":"https:\/\/www.upo.es\/diario\/wp-json\/wp\/v2\/users\/2"}],"replies":[{"embeddable":true,"href":"https:\/\/www.upo.es\/diario\/wp-json\/wp\/v2\/comments?post=11351875"}],"version-history":[{"count":2,"href":"https:\/\/www.upo.es\/diario\/wp-json\/wp\/v2\/posts\/11351875\/revisions"}],"predecessor-version":[{"id":11363241,"href":"https:\/\/www.upo.es\/diario\/wp-json\/wp\/v2\/posts\/11351875\/revisions\/11363241"}],"wp:attachment":[{"href":"https:\/\/www.upo.es\/diario\/wp-json\/wp\/v2\/media?parent=11351875"}],"wp:term":[{"taxonomy":"category","embeddable":true,"href":"https:\/\/www.upo.es\/diario\/wp-json\/wp\/v2\/categories?post=11351875"},{"taxonomy":"post_tag","embeddable":true,"href":"https:\/\/www.upo.es\/diario\/wp-json\/wp\/v2\/tags?post=11351875"}],"curies":[{"name":"wp","href":"https:\/\/api.w.org\/{rel}","templated":true}]}}