{"id":11362768,"date":"2015-12-10T05:03:26","date_gmt":"2015-12-10T05:03:26","guid":{"rendered":"https:\/\/www.upo.es\/diario\/?p=11362768"},"modified":"2015-12-11T08:06:54","modified_gmt":"2015-12-11T08:06:54","slug":"esta-tarde-se-inaugura-en-carmona-la-x-reunion-cientifica-de-especialistas-en-seguridad-social","status":"publish","type":"post","link":"https:\/\/www.upo.es\/diario\/institucional\/2015\/12\/esta-tarde-se-inaugura-en-carmona-la-x-reunion-cientifica-de-especialistas-en-seguridad-social\/","title":{"rendered":"X Reuni\u00f3n Cient\u00edfica de Especialistas en Seguridad Social"},"content":{"rendered":"<figure id=\"attachment_11371417\" aria-describedby=\"caption-attachment-11371417\" style=\"width: 600px\" class=\"wp-caption aligncenter\"><a href=\"https:\/\/www.upo.es\/diario\/wp-content\/uploads\/2015\/12\/DSC_0111.jpg\"><img loading=\"lazy\" decoding=\"async\" class=\"size-large wp-image-11371417\" alt=\"Imagen de la inauguraci\u00f3n de las jornadas. \" src=\"https:\/\/www.upo.es\/diario\/wp-content\/uploads\/2015\/12\/DSC_0111-600x401.jpg\" width=\"600\" height=\"401\" srcset=\"https:\/\/www.upo.es\/diario\/wp-content\/uploads\/2015\/12\/DSC_0111-600x401.jpg 600w, https:\/\/www.upo.es\/diario\/wp-content\/uploads\/2015\/12\/DSC_0111-320x214.jpg 320w\" sizes=\"auto, (max-width: 600px) 100vw, 600px\" \/><\/a><figcaption id=\"caption-attachment-11371417\" class=\"wp-caption-text\">Imagen de la inauguraci\u00f3n de las jornadas.<\/figcaption><\/figure>\n<p>Hoy jueves ha comenzado en el Hotel Alc\u00e1zar de la Reina de Carmona (C\/ Hermana Concepci\u00f3n Orellana, 2) \u00a0la X Reuni\u00f3n Cient\u00edfica de Especialistas en Seguridad Social, que en esta edici\u00f3n estar\u00e1n centradas en las \u201cMutuas colaboradoras con la Seguridad Social\u201d.<\/p>\n<p>Dicho acto estar\u00e1 presidido por Camilo Fernando Hern\u00e1ndez Le\u00f3n, director provincial del Instituto Nacional de la Seguridad Social en Sevilla; Aurora Lazo Barral, directora provincial de la Tesorer\u00eda General de la Seguridad Social en Sevilla y Santiago Gonz\u00e1lez Ortega, catedr\u00e1tico de Derecho del Trabajo de la Universidad Pablo de Olavide, adem\u00e1s de Director Acad\u00e9mico de la Reuni\u00f3n.<\/p>\n<p>El objetivo principal de este simposio es analizar, reflexionar, debatir y formular propuestas sobre los distintos aspectos org\u00e1nicos, competenciales y funcionales de las mutuas colaboradoras con la Seguridad Social. Concretamente, sobre sus facultades legales para gestionar las prestaciones del Sistema de Seguridad Social en Espa\u00f1a, de conformidad con su condici\u00f3n de entidad colaboradora con la Seguridad Social, as\u00ed como sobre la \u00faltima jurisprudencia del Tribunal Supremo relacionada con la composici\u00f3n y actuaci\u00f3n de estas entidades, seg\u00fan explica Manuel Garc\u00eda Mu\u00f1oz, profesor de Derecho del Trabajo y de la Seguridad Social de la UPO y coordinador acad\u00e9mico del simposio.<\/p>\n<p>Las mutuas colaboradoras con la Seguridad Social son asociaciones privadas de empresarios, sin \u00e1nimo de lucro, que tienen la finalidad de colaborar en la gesti\u00f3n de las prestaciones econ\u00f3micas y sanitarias comprendidas en la protecci\u00f3n de las contingencias previstas por la ley, a favor de los trabajadores al servicio de los empresarios asociados y de los trabajadores por cuenta propia adheridos, con el mismo alcance, y con las peculiaridades previstas legalmente, que las entidades gestoras del Sistema de Seguridad Social.<b>\u00a0<\/b><\/p>\n<p>M\u00e1s de 40 especialistas en Derecho de la Seguridad Social asistir\u00e1n durante hoy y ma\u00f1ana a este evento, organizado por el \u00c1rea de Derecho del Trabajo y de la Seguridad Social de la Universidad Pablo de Olavide; el Departamento de Derecho Privado de la UPO, la sede Olavide en Carmona y la colaboraci\u00f3n de ASEPEYO, Mutua Colaboradora con la Seguridad Social.<\/p>\n<p>Esta\u00a0 reuni\u00f3n cient\u00edfica, que se celebra anualmente en Carmona, constituye un espacio de estudio cient\u00edfico y t\u00e9cnico en el que se analizan cuestiones concretas que, por su importancia sustantiva o de actualidad, se consideran que deben ser objeto de reflexi\u00f3n y debate por especialistas en Seguridad Social. Con ello, se intenta detectar los problemas que puede presentar la normativa o la actividad de gesti\u00f3n de la materia estudiada, proponiendo posibles soluciones para su avance y mejora.<\/p>\n<p><a href=\"https:\/\/www.upo.es\/diario\/wp-content\/uploads\/2015\/12\/Programa-Carmona.pdf\">Programa<\/a><\/p>\n<p>&nbsp;<\/p>\n","protected":false},"excerpt":{"rendered":"<p>Hoy jueves, a las 16:30 horas, en el Hotel Alc\u00e1zar de la Reina de Carmona (C\/ Hermana Concepci\u00f3n Orellana, 2) se celebrar\u00e1 la inauguraci\u00f3n de la X Reuni\u00f3n Cient\u00edfica de Especialistas en Seguridad Social, que en esta edici\u00f3n estar\u00e1n centradas en las \u201cMutuas colaboradoras con la Seguridad Social\u201d. <\/p>\n","protected":false},"author":4,"featured_media":0,"comment_status":"closed","ping_status":"open","sticky":false,"template":"","format":"standard","meta":{"_monsterinsights_skip_tracking":false,"_monsterinsights_sitenote_active":false,"_monsterinsights_sitenote_note":"","_monsterinsights_sitenote_category":0,"footnotes":""},"categories":[6],"tags":[2293,2827,2294,519,2826,439],"class_list":["post-11362768","post","type-post","status-publish","format-standard","hentry","category-institucional","tag-area-de-derecho-del-trabajo-y-de-la-seguridad-social","tag-asepeyo","tag-departamento-de-derecho-privado","tag-olavide-en-carmona","tag-reunion-cientifica","tag-seguridad-social"],"_links":{"self":[{"href":"https:\/\/www.upo.es\/diario\/wp-json\/wp\/v2\/posts\/11362768","targetHints":{"allow":["GET"]}}],"collection":[{"href":"https:\/\/www.upo.es\/diario\/wp-json\/wp\/v2\/posts"}],"about":[{"href":"https:\/\/www.upo.es\/diario\/wp-json\/wp\/v2\/types\/post"}],"author":[{"embeddable":true,"href":"https:\/\/www.upo.es\/diario\/wp-json\/wp\/v2\/users\/4"}],"replies":[{"embeddable":true,"href":"https:\/\/www.upo.es\/diario\/wp-json\/wp\/v2\/comments?post=11362768"}],"version-history":[{"count":3,"href":"https:\/\/www.upo.es\/diario\/wp-json\/wp\/v2\/posts\/11362768\/revisions"}],"predecessor-version":[{"id":11371416,"href":"https:\/\/www.upo.es\/diario\/wp-json\/wp\/v2\/posts\/11362768\/revisions\/11371416"}],"wp:attachment":[{"href":"https:\/\/www.upo.es\/diario\/wp-json\/wp\/v2\/media?parent=11362768"}],"wp:term":[{"taxonomy":"category","embeddable":true,"href":"https:\/\/www.upo.es\/diario\/wp-json\/wp\/v2\/categories?post=11362768"},{"taxonomy":"post_tag","embeddable":true,"href":"https:\/\/www.upo.es\/diario\/wp-json\/wp\/v2\/tags?post=11362768"}],"curies":[{"name":"wp","href":"https:\/\/api.w.org\/{rel}","templated":true}]}}