{"id":11373707,"date":"2015-12-11T13:00:24","date_gmt":"2015-12-11T13:00:24","guid":{"rendered":"https:\/\/www.upo.es\/diario\/?p=11373707"},"modified":"2015-12-14T07:53:54","modified_gmt":"2015-12-14T07:53:54","slug":"manana-sabado-concierto-de-navidad-del-coro-de-la-upo-en-la-iglesia-de-san-martin-en-sevilla","status":"publish","type":"post","link":"https:\/\/www.upo.es\/diario\/cultura\/2015\/12\/manana-sabado-concierto-de-navidad-del-coro-de-la-upo-en-la-iglesia-de-san-martin-en-sevilla\/","title":{"rendered":"Ma\u00f1ana s\u00e1bado, concierto de Navidad del coro de la UPO en la iglesia de San Mart\u00edn, en Sevilla"},"content":{"rendered":"<figure id=\"attachment_11373709\" aria-describedby=\"caption-attachment-11373709\" style=\"width: 226px\" class=\"wp-caption alignright\"><a href=\"https:\/\/www.upo.es\/diario\/wp-content\/uploads\/2015\/12\/Navidad-Gran-Capitan-2015.jpg\"><img loading=\"lazy\" decoding=\"async\" class=\"size-medium wp-image-11373709\" alt=\"La entrada es libre hasta completar aforo.\" src=\"https:\/\/www.upo.es\/diario\/wp-content\/uploads\/2015\/12\/Navidad-Gran-Capitan-2015-226x320.jpg\" width=\"226\" height=\"320\" srcset=\"https:\/\/www.upo.es\/diario\/wp-content\/uploads\/2015\/12\/Navidad-Gran-Capitan-2015-226x320.jpg 226w, https:\/\/www.upo.es\/diario\/wp-content\/uploads\/2015\/12\/Navidad-Gran-Capitan-2015-424x600.jpg 424w, https:\/\/www.upo.es\/diario\/wp-content\/uploads\/2015\/12\/Navidad-Gran-Capitan-2015-600x848.jpg 600w\" sizes=\"auto, (max-width: 226px) 100vw, 226px\" \/><\/a><figcaption id=\"caption-attachment-11373709\" class=\"wp-caption-text\">La entrada es libre hasta completar aforo.<\/figcaption><\/figure>\n<p style=\"text-align: justify;\">Ma\u00f1ana s\u00e1bado, 12 de diciembre, a las 20:30 horas en la iglesia de San Mart\u00edn, sede de la Hermandad de la Sagrada Lanzada (plaza de San Mart\u00edn, Sevilla), tendr\u00e1 lugar el concierto de Navidad del Coro de la Universidad Pablo de Olavide, bajo la direcci\u00f3n de Jorge Rodr\u00edguez Morata y la direcci\u00f3n art\u00edstica de Miguel Rodr\u00edguez Rodr\u00edguez. La entrada es libre hasta completar aforo.<\/p>\n<p style=\"text-align: justify;\">El coro de la UPO presenta \u201cEl Gran Capit\u00e1n\u201d en el V Centenario de la muerte de Gonzalo Fern\u00e1ndez de C\u00f3rdoba. A lo largo de la actuaci\u00f3n, se interpretar\u00e1n villancicos del Cancionero de Upsala, obras de Tom\u00e1s Luis de Victoria y ensaladas de Mateo Flecha \u201cEl Viejo\u201d. Este concierto ha sido organizado por el Vicerrectorado de Cultura y Compromiso Social de la UPO.<\/p>\n<p style=\"text-align: justify;\">El Coro de la Universidad Pablo de Olavide de Sevilla se cre\u00f3 como asociaci\u00f3n sin \u00e1nimo de lucro a principios del curso 2008-2009 con la finalidad de llevar a cabo un trabajo de formaci\u00f3n e interpretaci\u00f3n del repertorio coral occidental desde la \u00e9poca medieval hasta el siglo XX y para contribuir a la divulgaci\u00f3n de este legado musical, en nombre de la Universidad.<\/p>\n<p>&nbsp;<\/p>\n<p align=\"center\"><b>PROGRAMA CONCIERTO DE NAVIDAD<\/b><b><span style=\"text-decoration: underline;\"><br \/>\n<\/span><\/b><\/p>\n<p align=\"center\"><b>S\u00e1bado 12 de diciembre. 20.30 horas<\/b><\/p>\n<p align=\"center\"><b>Iglesia de San Mart\u00edn (Sevilla)<\/b><b>\u00a0<\/b><\/p>\n<p align=\"center\"><span style=\"text-decoration: underline;\">VILLANCICOS DEL CANCIONERO DE UPSALA<\/span><\/p>\n<p>El cancionero de Upsala, tambi\u00e9n conocido como cancionero del Duque de Calabria o Cancionero de Venecia. Es un libro que contiene villancicos espa\u00f1oles de la \u00e9poca renacentista.<\/p>\n<p align=\"center\">&#8211; Dadme albricias<\/p>\n<p align=\"center\">&#8211; No la debemos dormir, la noche santa, Anom<\/p>\n<p align=\"center\">-Un ni\u00f1o nos es nascido, Anom<\/p>\n<p align=\"center\">-Verbum caro factum est, Anom<\/p>\n<p align=\"center\">-Yo me soy la Morenica, Anom<\/p>\n<p align=\"center\"><span style=\"text-decoration: underline;\">OBRAS DE TOMAS LUIS DE VICTORIA (1548-1611)<\/span><\/p>\n<p>Sacerdote cat\u00f3lico abulense y maestro de capilla, c\u00e9lebre compositor polifonista del Renacimiento espa\u00f1ol. Considerado uno de los m\u00e1s relevantes y avanzados de su \u00e9poca, con un estilo innovador que anunci\u00f3 el inminente Barroco:<\/p>\n<p align=\"center\">-O Magnum Mysterium<\/p>\n<p align=\"center\">-Popule Meus<\/p>\n<p align=\"center\">-Quam Pulchri sunt<\/p>\n<p align=\"center\"><span style=\"text-decoration: underline;\">ENSALADAS\u00a0 DE MATEO\u00a0 FLECHA \u201cEL VIEJO\u201d<\/span><\/p>\n<p>Compositor renacentista de la Corona de Arag\u00f3n, conocido hoy principalmente por sus ensaladas (composiciones para cuatro o cinco voces, concebidas para diversi\u00f3n de los cortesanos y que alcanzaron gran fama en las fiestas palaciegas):<\/p>\n<p align=\"center\">\u00a0-La Negrina<\/p>\n<p align=\"center\">-La Bomba (selecci\u00f3n de compases 177-223)<\/p>\n<p style=\"text-align: justify;\" align=\"center\"><a href=\"https:\/\/www.upo.es\/diario\/wp-content\/uploads\/2015\/12\/PROGRAMA-DE-MANO-NAVIDAD-2015.pdf\">PROGRAMA DE MANO NAVIDAD 2015<\/a><\/p>\n","protected":false},"excerpt":{"rendered":"<p>Ma\u00f1ana s\u00e1bado, 12 de diciembre, a las 20:30 horas en la iglesia de San Mart\u00edn, sede de la Hermandad de la Sagrada Lanzada (plaza de San Mart\u00edn, Sevilla), tendr\u00e1 lugar el concierto de Navidad del Coro de la Universidad Pablo de Olavide, bajo la direcci\u00f3n de Jorge Rodr\u00edguez Morata y la direcci\u00f3n art\u00edstica de Miguel Rodr\u00edguez Rodr\u00edguez.<\/p>\n","protected":false},"author":4,"featured_media":0,"comment_status":"closed","ping_status":"open","sticky":false,"template":"","format":"standard","meta":{"_monsterinsights_skip_tracking":false,"_monsterinsights_sitenote_active":false,"_monsterinsights_sitenote_note":"","_monsterinsights_sitenote_category":0,"footnotes":""},"categories":[7],"tags":[403,71,109],"class_list":["post-11373707","post","type-post","status-publish","format-standard","hentry","category-cultura","tag-concierto","tag-coro","tag-navidad"],"_links":{"self":[{"href":"https:\/\/www.upo.es\/diario\/wp-json\/wp\/v2\/posts\/11373707","targetHints":{"allow":["GET"]}}],"collection":[{"href":"https:\/\/www.upo.es\/diario\/wp-json\/wp\/v2\/posts"}],"about":[{"href":"https:\/\/www.upo.es\/diario\/wp-json\/wp\/v2\/types\/post"}],"author":[{"embeddable":true,"href":"https:\/\/www.upo.es\/diario\/wp-json\/wp\/v2\/users\/4"}],"replies":[{"embeddable":true,"href":"https:\/\/www.upo.es\/diario\/wp-json\/wp\/v2\/comments?post=11373707"}],"version-history":[{"count":7,"href":"https:\/\/www.upo.es\/diario\/wp-json\/wp\/v2\/posts\/11373707\/revisions"}],"predecessor-version":[{"id":11405081,"href":"https:\/\/www.upo.es\/diario\/wp-json\/wp\/v2\/posts\/11373707\/revisions\/11405081"}],"wp:attachment":[{"href":"https:\/\/www.upo.es\/diario\/wp-json\/wp\/v2\/media?parent=11373707"}],"wp:term":[{"taxonomy":"category","embeddable":true,"href":"https:\/\/www.upo.es\/diario\/wp-json\/wp\/v2\/categories?post=11373707"},{"taxonomy":"post_tag","embeddable":true,"href":"https:\/\/www.upo.es\/diario\/wp-json\/wp\/v2\/tags?post=11373707"}],"curies":[{"name":"wp","href":"https:\/\/api.w.org\/{rel}","templated":true}]}}