{"id":11374181,"date":"2015-12-11T13:52:21","date_gmt":"2015-12-11T13:52:21","guid":{"rendered":"https:\/\/www.upo.es\/diario\/?p=11374181"},"modified":"2015-12-14T07:58:56","modified_gmt":"2015-12-14T07:58:56","slug":"la-universidad-pablo-de-olavide-de-sevilla-abre-una-ventana-al-conocimiento-en-el-parque-de-las-ciencias-de-granada","status":"publish","type":"post","link":"https:\/\/www.upo.es\/diario\/ciencia\/2015\/12\/la-universidad-pablo-de-olavide-de-sevilla-abre-una-ventana-al-conocimiento-en-el-parque-de-las-ciencias-de-granada\/","title":{"rendered":"La Universidad Pablo de Olavide de Sevilla abre una ventana al conocimiento en el Parque de las Ciencias de Granada"},"content":{"rendered":"<figure id=\"attachment_11374183\" aria-describedby=\"caption-attachment-11374183\" style=\"width: 600px\" class=\"wp-caption aligncenter\"><a href=\"https:\/\/www.upo.es\/diario\/wp-content\/uploads\/2015\/12\/ventanacc2015.jpg\"><img loading=\"lazy\" decoding=\"async\" class=\"size-large wp-image-11374183\" alt=\"En la fotograf\u00eda, Macarena Hern\u00e1ndez, una de las directoras cient\u00edficas del Grupo de Investigaci\u00f3n Social y Acci\u00f3n Participativa (GISAP) (SEJ-218) de la UPO, explica los proyectos que conforman esta Ventana a la Ciencia.\" src=\"https:\/\/www.upo.es\/diario\/wp-content\/uploads\/2015\/12\/ventanacc2015-600x400.jpg\" width=\"600\" height=\"400\" srcset=\"https:\/\/www.upo.es\/diario\/wp-content\/uploads\/2015\/12\/ventanacc2015-600x400.jpg 600w, https:\/\/www.upo.es\/diario\/wp-content\/uploads\/2015\/12\/ventanacc2015-320x213.jpg 320w\" sizes=\"auto, (max-width: 600px) 100vw, 600px\" \/><\/a><figcaption id=\"caption-attachment-11374183\" class=\"wp-caption-text\">En la fotograf\u00eda, Macarena Hern\u00e1ndez, una de las directoras cient\u00edficas del Grupo de Investigaci\u00f3n Social y Acci\u00f3n Participativa (GISAP) (SEJ-218) de la UPO, explica los proyectos que conforman esta Ventana a la Ciencia.<\/figcaption><\/figure>\n<p>El Parque de las Ciencias de Granada acoge desde hoy viernes 11 de diciembre la \u201cVentana de la Ciencia\u201d de la Universidad Pablo de Olavide <b>\u201cInvestigaci\u00f3n Social Aplicada: El uso de la bicicleta en Andaluc\u00eda &amp; Turismo de base local<\/b>\u201d, que podr\u00e1 visitarse hasta el 7 de febrero de 2016.<\/p>\n<p>La <a href=\"http:\/\/www.upo.es\/portal\/impe\/web\/portada\">Universidad Pablo de Olavide<\/a> participa as\u00ed en la IV edici\u00f3n del proyecto \u201cVentana a la Ciencia\u201d del Parque de las Ciencias de Granada, una iniciativa que muestra las investigaciones que actualmente se desarrollan en diversas \u00e1reas del conocimiento cient\u00edfico de las universidades p\u00fablicas andaluzas.<\/p>\n<p>En esta ocasi\u00f3n el Grupo de Investigaci\u00f3n Social y Acci\u00f3n Participativa (GISAP) (SEJ-218) de la UPO, bajo la direcci\u00f3n cient\u00edfica de los investigadores Macarena Hern\u00e1ndez Ram\u00edrez, Javier Escalera Reyes y Esteban Ruiz Ballesteros, es el responsable de la ventana que se ha inaugurado en el d\u00eda de hoy.<\/p>\n<p>El grupo de investigaci\u00f3n GISAP orienta fundamentalmente su actividad hacia el desarrollo de la investigaci\u00f3n social aplicada. Fruto de esta vocaci\u00f3n son los dos proyectos que se comparten en esta ventana, que muestra por un lado c\u00f3mo es la movilidad en zonas urbanas de Andaluc\u00eda, m\u00e1s concretamente cu\u00e1les son los principales discursos y pr\u00e1cticas sociales en torno al uso de la bicicleta, con la finalidad de elaborar propuestas de intervenci\u00f3n en este campo; y por otro, ense\u00f1a las caracter\u00edsticas fundamentales del turismo de base local desarrollado en espacios protegidos, el papel que juegan las sociedades locales donde se desarrollan, as\u00ed como las propuestas de gesti\u00f3n y toma de decisiones en estos procesos tur\u00edsticos.<\/p>\n<p>El acto de inauguraci\u00f3n celebrado esta ma\u00f1ana ha contado con la presencia de Miguel \u00c1ngel Gual Font, vicerrector de Postgrado, Formaci\u00f3n Permanente y Empleo de la Universidad Pablo de Olavide; V\u00edctor Medina, vicerrector de Extensi\u00f3n Universitaria de la Universidad de Granada; Macarena Hern\u00e1ndez y Javier Escalera, directores cient\u00edficos de la Ventana a la Ciencia, y Ernesto P\u00e1ramo, director del Parque de las Ciencias.<\/p>\n<p><a href=\"http:\/\/www.upo.es\/export\/portal\/com\/bin\/portal\/otri\/eventos\/20150120\/1421746555545_ventana_ciencia_2015.pdf\">\u201cVentana a la Ciencia\u201d<\/a>, es una iniciativa de la <a href=\"http:\/\/www.juntadeandalucia.es\/organismos\/economiayconocimiento.html\">Consejer\u00eda y Conocimiento de la Junta de Andaluc\u00eda<\/a>, el <a href=\"http:\/\/www.parqueciencias.com\/parqueciencias\/index.html\">Parque de las Ciencias de Granada<\/a> y las universidades p\u00fablicas andaluzas. Durante a\u00f1o y medio, grupos de investigaci\u00f3n de nueve universidades andaluzas se instalan en este espacio del Parque de las Ciencia de Granada para mostrar algunas de las l\u00edneas de investigaci\u00f3n e innovaci\u00f3n en las que trabajan, acercar dicha actividad a la sociedad, fomentar las vocaciones cient\u00edficas y concienciar de la importancia de la I+D+i en una sociedad moderna, sostenible y democr\u00e1tica.<\/p>\n","protected":false},"excerpt":{"rendered":"<p>El Parque de las Ciencias de Granada acoge  la \u201cVentana de la Ciencia\u201d de la Universidad Pablo de Olavide \u201cInvestigaci\u00f3n Social Aplicada: El uso de la bicicleta en Andaluc\u00eda &#038; Turismo de base local\u201d, que podr\u00e1 visitarse hasta el 7 de febrero de 2016. <\/p>\n","protected":false},"author":2,"featured_media":0,"comment_status":"closed","ping_status":"open","sticky":false,"template":"","format":"standard","meta":{"_monsterinsights_skip_tracking":false,"_monsterinsights_sitenote_active":false,"_monsterinsights_sitenote_note":"","_monsterinsights_sitenote_category":0,"footnotes":""},"categories":[3],"tags":[5833,606,56,734,83,1604,39,1605],"class_list":["post-11374181","post","type-post","status-publish","format-standard","hentry","category-ciencia","tag-ciencia","tag-gisap","tag-investigacion","tag-investigadores","tag-otri","tag-parque-de-las-ciencias","tag-universidades","tag-ventana-a-la-ciencia"],"_links":{"self":[{"href":"https:\/\/www.upo.es\/diario\/wp-json\/wp\/v2\/posts\/11374181","targetHints":{"allow":["GET"]}}],"collection":[{"href":"https:\/\/www.upo.es\/diario\/wp-json\/wp\/v2\/posts"}],"about":[{"href":"https:\/\/www.upo.es\/diario\/wp-json\/wp\/v2\/types\/post"}],"author":[{"embeddable":true,"href":"https:\/\/www.upo.es\/diario\/wp-json\/wp\/v2\/users\/2"}],"replies":[{"embeddable":true,"href":"https:\/\/www.upo.es\/diario\/wp-json\/wp\/v2\/comments?post=11374181"}],"version-history":[{"count":3,"href":"https:\/\/www.upo.es\/diario\/wp-json\/wp\/v2\/posts\/11374181\/revisions"}],"predecessor-version":[{"id":11374188,"href":"https:\/\/www.upo.es\/diario\/wp-json\/wp\/v2\/posts\/11374181\/revisions\/11374188"}],"wp:attachment":[{"href":"https:\/\/www.upo.es\/diario\/wp-json\/wp\/v2\/media?parent=11374181"}],"wp:term":[{"taxonomy":"category","embeddable":true,"href":"https:\/\/www.upo.es\/diario\/wp-json\/wp\/v2\/categories?post=11374181"},{"taxonomy":"post_tag","embeddable":true,"href":"https:\/\/www.upo.es\/diario\/wp-json\/wp\/v2\/tags?post=11374181"}],"curies":[{"name":"wp","href":"https:\/\/api.w.org\/{rel}","templated":true}]}}