{"id":1139359,"date":"2013-07-05T06:14:57","date_gmt":"2013-07-05T06:14:57","guid":{"rendered":"https:\/\/www.upo.es\/diario\/?p=1139359"},"modified":"2013-07-08T07:33:54","modified_gmt":"2013-07-08T07:33:54","slug":"manana-ceremonia-de-egresados-de-la-primera-promocion-de-los-grados-en-traduccion-e-interpretacion-y-en-humanidades","status":"publish","type":"post","link":"https:\/\/www.upo.es\/diario\/institucional\/2013\/07\/manana-ceremonia-de-egresados-de-la-primera-promocion-de-los-grados-en-traduccion-e-interpretacion-y-en-humanidades\/","title":{"rendered":"Ceremonia de egresados de la primera promoci\u00f3n de los grados en Traducci\u00f3n e Interpretaci\u00f3n y en Humanidades"},"content":{"rendered":"<p>Hoy viernes a las 17 horas, en el Paraninfo de la Universidad Pablo de Olavide, se celebrar\u00e1 la<strong> Ceremonia de Egresados de la primera promoci\u00f3n (2009-2013) del grado en \u00a0Traducci\u00f3n e Interpretaci\u00f3n<\/strong>. Tras este acto, <strong>a las 19 horas, comenzar\u00e1 la Ceremonia de Egresados de la primera promoci\u00f3n (2009-2013) del grado en Humanidades<\/strong>. Ambas ceremonias estar\u00e1n presididas por el decano de la Facultad de Humanidades, Jos\u00e9 Miguel Mart\u00edn Mart\u00edn.<\/p>\n<p>El padrino de la ceremonia de egresados del grado en Traducci\u00f3n e Interpretaci\u00f3n ser\u00e1 el traductor Pablo Mu\u00f1oz S\u00e1nchez. A esta primera ceremonia tambi\u00e9n asistir\u00e1n la vicedecana de Gesti\u00f3n Acad\u00e9mica, Elisa Calvo Encinas, la vicedecana de Planificaci\u00f3n, Calidad e Innovaci\u00f3n, M\u00aa Dolores P\u00e9rez Bernal, y las profesoras del departamento de Filolog\u00eda y Traducci\u00f3n, Nieves Jim\u00e9nez Carra y Mar\u00eda de los \u00c1ngeles Mor\u00f3n Mart\u00edn.<\/p>\n<p>La profesora del departamento de Filolog\u00eda y Traducci\u00f3n, Rosario Moreno Soldevila, ser\u00e1 la madrina de la promoci\u00f3n del grado en Humanidades. A la segunda ceremonia, asistir\u00e1n tambi\u00e9n la vicedecana de Planificaci\u00f3n, Calidad e Innovaci\u00f3n, M\u00aa Dolores P\u00e9rez Bernal, y el profesor del departamento de Geograf\u00eda, Historia y Filosof\u00eda, Jos\u00e9 Ram\u00f3n Carrillo D\u00edaz-Pines.<\/p>\n<p>M\u00e1s de 100 egresados -98 del grado en Traducci\u00f3n e Interpretaci\u00f3n y 15 de Humanidades- han confirmado su asistencia, junto a sus familiares, a estos actos con los que la Universidad Pablo de Olavide recupera una antigua tradici\u00f3n de las universidades europeas.<\/p>\n<p>&nbsp;<\/p>\n<p align=\"center\"><b><span style=\"text-decoration: underline;\">Programa Ceremonia Fin de Grado de Traducci\u00f3n e Interpretaci\u00f3n<\/span><\/b><\/p>\n<p align=\"center\">17.00 horas.<\/p>\n<p align=\"center\">Paraninfo de la Universidad Pablo de Olavide<\/p>\n<p align=\"center\">\u00a0&#8211; Apertura del acto.<\/p>\n<p align=\"center\">&#8211; Mensaje del padrino de la promoci\u00f3n: el traductor Pablo Mu\u00f1oz S\u00e1nchez<\/p>\n<p align=\"center\">&#8211; Imposici\u00f3n de becas a los estudiantes<\/p>\n<p align=\"center\">\u00a0&#8211; Intervenci\u00f3n de las representantes de los estudiantes: Enma Mac\u00eda Humanes del grado en Traducci\u00f3n e Interpretaci\u00f3n en Alem\u00e1n; Alicia Buiza Candelario de Traducci\u00f3n e Interpretaci\u00f3n en Fr\u00e1nc\u00e9s, y Alicia Ramos Castillo y Raquel Silva Le\u00f3n del grado en Traducci\u00f3n e Interpretaci\u00f3n en Ingl\u00e9s<\/p>\n<p align=\"center\">\u00a0&#8211; Palabras y clausura del decano de la Facultad de Humanidades de la UPO,<\/p>\n<p align=\"center\">Jos\u00e9 Miguel Mart\u00edn Mart\u00edn<\/p>\n<p align=\"center\">\u00a0&#8211;\u00a0\u00a0\u00a0\u00a0\u00a0\u00a0\u00a0\u00a0\u00a0 Himno Universitario<\/p>\n<p>&nbsp;<\/p>\n<p align=\"center\"><b><span style=\"text-decoration: underline;\">Programa Ceremonia Fin de Grado de Humanidades<\/span><\/b><\/p>\n<p align=\"center\">19.00 horas.<\/p>\n<p align=\"center\">Paraninfo de la Universidad Pablo de Olavide<\/p>\n<p align=\"center\">\u00a0&#8211; Apertura del acto<\/p>\n<p align=\"center\">\u00a0&#8211; Mensaje de la madrina de la promoci\u00f3n: Rosario Moreno Soldevila, profesora del departamento de Filolog\u00eda y Traducci\u00f3n de la UPO<\/p>\n<p align=\"center\">\u00a0&#8211; Imposici\u00f3n de becas a los estudiantes<\/p>\n<p align=\"center\">\u00a0&#8211; Intervenci\u00f3n de las representantes de los estudiantes: David Granado Hermos\u00edn<\/p>\n<p align=\"center\">\u00a0&#8211; Palabras y clausura del decano de la Facultad de Humanidades de la UPO,<\/p>\n<p align=\"center\">Jos\u00e9 Miguel Mart\u00edn Mart\u00edn<\/p>\n<p align=\"center\">\u00a0&#8211; Himno Universitario<\/p>\n","protected":false},"excerpt":{"rendered":"<p>Hoy viernes a las 17 horas, en el Paraninfo de la Universidad Pablo de Olavide, se celebrar\u00e1 la Ceremonia de Egresados de la primera promoci\u00f3n del grado en  Traducci\u00f3n e Interpretaci\u00f3n. Tras este acto, a las 19 horas, comenzar\u00e1 la Ceremonia de Egresados de la primera promoci\u00f3n del grado en Humanidades.<\/p>\n","protected":false},"author":4,"featured_media":0,"comment_status":"closed","ping_status":"open","sticky":false,"template":"","format":"standard","meta":{"_monsterinsights_skip_tracking":false,"_monsterinsights_sitenote_active":false,"_monsterinsights_sitenote_note":"","_monsterinsights_sitenote_category":0,"footnotes":""},"categories":[6],"tags":[581,21,96,266,132,754],"class_list":["post-1139359","post","type-post","status-publish","format-standard","hentry","category-institucional","tag-ceremonia-de-egresados","tag-estudiantes","tag-facultad-de-humanidades","tag-grados","tag-humanidades","tag-traduccion-e-interpretacion"],"_links":{"self":[{"href":"https:\/\/www.upo.es\/diario\/wp-json\/wp\/v2\/posts\/1139359","targetHints":{"allow":["GET"]}}],"collection":[{"href":"https:\/\/www.upo.es\/diario\/wp-json\/wp\/v2\/posts"}],"about":[{"href":"https:\/\/www.upo.es\/diario\/wp-json\/wp\/v2\/types\/post"}],"author":[{"embeddable":true,"href":"https:\/\/www.upo.es\/diario\/wp-json\/wp\/v2\/users\/4"}],"replies":[{"embeddable":true,"href":"https:\/\/www.upo.es\/diario\/wp-json\/wp\/v2\/comments?post=1139359"}],"version-history":[{"count":5,"href":"https:\/\/www.upo.es\/diario\/wp-json\/wp\/v2\/posts\/1139359\/revisions"}],"predecessor-version":[{"id":1143922,"href":"https:\/\/www.upo.es\/diario\/wp-json\/wp\/v2\/posts\/1139359\/revisions\/1143922"}],"wp:attachment":[{"href":"https:\/\/www.upo.es\/diario\/wp-json\/wp\/v2\/media?parent=1139359"}],"wp:term":[{"taxonomy":"category","embeddable":true,"href":"https:\/\/www.upo.es\/diario\/wp-json\/wp\/v2\/categories?post=1139359"},{"taxonomy":"post_tag","embeddable":true,"href":"https:\/\/www.upo.es\/diario\/wp-json\/wp\/v2\/tags?post=1139359"}],"curies":[{"name":"wp","href":"https:\/\/api.w.org\/{rel}","templated":true}]}}