{"id":11407395,"date":"2015-12-15T05:50:03","date_gmt":"2015-12-15T05:50:03","guid":{"rendered":"https:\/\/www.upo.es\/diario\/?p=11407395"},"modified":"2015-12-15T08:03:33","modified_gmt":"2015-12-15T08:03:33","slug":"el-ii-encuentro-entre-la-upo-y-el-cuerpo-consular-de-sevilla-reune-en-el-consulado-de-colombia-a-los-consules-de-12-paises","status":"publish","type":"post","link":"https:\/\/www.upo.es\/diario\/institucional\/2015\/12\/el-ii-encuentro-entre-la-upo-y-el-cuerpo-consular-de-sevilla-reune-en-el-consulado-de-colombia-a-los-consules-de-12-paises\/","title":{"rendered":"El II Encuentro entre la UPO y el Cuerpo Consular de Sevilla re\u00fane en el Consulado de Colombia a los c\u00f3nsules de 12 pa\u00edses"},"content":{"rendered":"<div>\n<figure id=\"attachment_11407396\" aria-describedby=\"caption-attachment-11407396\" style=\"width: 600px\" class=\"wp-caption aligncenter\"><a href=\"https:\/\/www.upo.es\/diario\/wp-content\/uploads\/2015\/12\/encuentro_consules.jpg\"><img loading=\"lazy\" decoding=\"async\" class=\"size-large wp-image-11407396\" alt=\"Imagen del encuentro celebrado esta ma\u00f1ana.\" src=\"https:\/\/www.upo.es\/diario\/wp-content\/uploads\/2015\/12\/encuentro_consules-600x400.jpg\" width=\"600\" height=\"400\" srcset=\"https:\/\/www.upo.es\/diario\/wp-content\/uploads\/2015\/12\/encuentro_consules-600x400.jpg 600w, https:\/\/www.upo.es\/diario\/wp-content\/uploads\/2015\/12\/encuentro_consules-320x213.jpg 320w\" sizes=\"auto, (max-width: 600px) 100vw, 600px\" \/><\/a><figcaption id=\"caption-attachment-11407396\" class=\"wp-caption-text\">Imagen del encuentro celebrado esta ma\u00f1ana.<\/figcaption><\/figure>\n<p>Los c\u00f3nsules en Sevilla de doce pa\u00edses se reunieron ayer lunes en el Consulado de Colombia con motivo del<strong> II Encuentro Internacional Universidad Pablo de Olavide-Cuerpo Consular de Sevilla<\/strong> que estuvo presidido por el rector Vicente Guzm\u00e1n, el presidente de la Asociaci\u00f3n del Cuerpo Consular de Sevilla, Jos\u00e9 Carlos Ruiz-Berdejo y Sigurt\u00e0, la c\u00f3nsul general de Colombia en Sevilla, Luc\u00eda Madri\u00f1\u00e1n Saa, y la vicerrectora de Internacionalizaci\u00f3n y Comunicaci\u00f3n de la UPO, Pilar Rodr\u00edguez Reina.<\/p>\n<\/div>\n<div>\n<figure id=\"attachment_11407397\" aria-describedby=\"caption-attachment-11407397\" style=\"width: 320px\" class=\"wp-caption alignright\"><a href=\"https:\/\/www.upo.es\/diario\/wp-content\/uploads\/2015\/12\/encuentro_consules2.jpg\"><img loading=\"lazy\" decoding=\"async\" class=\"size-medium wp-image-11407397\" alt=\"De izquierda a derecha, la c\u00f3nsul general de Colombia en Sevilla, Luc\u00eda Madri\u00f1\u00e1n Saa; el rector Vicente Guzm\u00e1n, el presidente de la Asociaci\u00f3n del Cuerpo Consular de Sevilla, Jos\u00e9 Carlos Ruiz-Berdejo y Sigurt\u00e0 y la vicerrectora de Internacionalizaci\u00f3n y Comunicaci\u00f3n de la UPO, Pilar Rodr\u00edguez Reina.\" src=\"https:\/\/www.upo.es\/diario\/wp-content\/uploads\/2015\/12\/encuentro_consules2-320x213.jpg\" width=\"320\" height=\"213\" srcset=\"https:\/\/www.upo.es\/diario\/wp-content\/uploads\/2015\/12\/encuentro_consules2-320x213.jpg 320w, https:\/\/www.upo.es\/diario\/wp-content\/uploads\/2015\/12\/encuentro_consules2-600x400.jpg 600w\" sizes=\"auto, (max-width: 320px) 100vw, 320px\" \/><\/a><figcaption id=\"caption-attachment-11407397\" class=\"wp-caption-text\">De izquierda a derecha, la c\u00f3nsul general de Colombia en Sevilla, Luc\u00eda Madri\u00f1\u00e1n Saa; el rector Vicente Guzm\u00e1n, el presidente de la Asociaci\u00f3n del Cuerpo Consular de Sevilla, Jos\u00e9 Carlos Ruiz-Berdejo y Sigurt\u00e0 y la vicerrectora de Internacionalizaci\u00f3n y Comunicaci\u00f3n de la UPO, Pilar Rodr\u00edguez Reina.<\/figcaption><\/figure>\n<p>A este encuentro de car\u00e1cter anual, concebido como reuni\u00f3n de trabajo y puesta en com\u00fan para desarrollar l\u00edneas de colaboraci\u00f3n rec\u00edproca sobre internacionalizaci\u00f3n, han asistido -adem\u00e1s del presidente de la Asociaci\u00f3n del Cuerpo Consular de Sevilla y c\u00f3nsul de Chipre, Jos\u00e9 Carlos Ruiz-Berdejo y Sigurt\u00e1, y de la c\u00f3nsul de Colombia, Luc\u00eda Madri\u00f1\u00e1n Saa- los c\u00f3nsules de B\u00e9lgica, Jos\u00e9 Carlos Ruiz-Berdejo, Bolivia, Ra\u00fal A. Castro Cu\u00e9llar; Cuba, Ulises I. Arranz Fern\u00e1ndez; El Salvador, Ignacio de Coss\u00edo; Francia, Anuska de Andrade (agregada consular); Jap\u00f3n, Jos\u00e9 Jap\u00f3n Sevilla; Luxemburgo, Jacqueline Brasseur; Reino Unido, Joe Edward David Cooper; Ruman\u00eda, Radu Mardare; y Uruguay, Julio Azancot Y\u00e1\u00f1ez. Asimismo, han participado en este encuentro internacional los miembros del equipo de gobierno y responsables de los centros educativos de la UPO.<\/p>\n<\/div>\n<div><\/div>\n<div><\/div>\n<p align=\"center\"><b>\u00a0<\/b><\/p>\n","protected":false},"excerpt":{"rendered":"<p>Los c\u00f3nsules en Sevilla de doce pa\u00edses se reunieron ayer lunes en el Consulado de Colombia con motivo del II Encuentro Internacional Universidad Pablo de Olavide-Cuerpo Consular de Sevilla que estuvo presidido por el rector Vicente Guzm\u00e1n, el presidente de la Asociaci\u00f3n del Cuerpo Consular de Sevilla, Jos\u00e9 Carlos Ruiz-Berdejo y Sigurt\u00e0, la c\u00f3nsul general de Colombia en Sevilla, Luc\u00eda Madri\u00f1\u00e1n Saa, y la vicerrectora de Internacionalizaci\u00f3n y Comunicaci\u00f3n de la UPO, Pilar Rodr\u00edguez Reina.<\/p>\n","protected":false},"author":2,"featured_media":0,"comment_status":"closed","ping_status":"open","sticky":false,"template":"","format":"standard","meta":{"_monsterinsights_skip_tracking":false,"_monsterinsights_sitenote_active":false,"_monsterinsights_sitenote_note":"","_monsterinsights_sitenote_category":0,"footnotes":""},"categories":[6],"tags":[2832,2833,821,925],"class_list":["post-11407395","post","type-post","status-publish","format-standard","hentry","category-institucional","tag-consules","tag-cuerpo-consular","tag-encuentro","tag-internacionalizacion"],"_links":{"self":[{"href":"https:\/\/www.upo.es\/diario\/wp-json\/wp\/v2\/posts\/11407395","targetHints":{"allow":["GET"]}}],"collection":[{"href":"https:\/\/www.upo.es\/diario\/wp-json\/wp\/v2\/posts"}],"about":[{"href":"https:\/\/www.upo.es\/diario\/wp-json\/wp\/v2\/types\/post"}],"author":[{"embeddable":true,"href":"https:\/\/www.upo.es\/diario\/wp-json\/wp\/v2\/users\/2"}],"replies":[{"embeddable":true,"href":"https:\/\/www.upo.es\/diario\/wp-json\/wp\/v2\/comments?post=11407395"}],"version-history":[{"count":5,"href":"https:\/\/www.upo.es\/diario\/wp-json\/wp\/v2\/posts\/11407395\/revisions"}],"predecessor-version":[{"id":11416557,"href":"https:\/\/www.upo.es\/diario\/wp-json\/wp\/v2\/posts\/11407395\/revisions\/11416557"}],"wp:attachment":[{"href":"https:\/\/www.upo.es\/diario\/wp-json\/wp\/v2\/media?parent=11407395"}],"wp:term":[{"taxonomy":"category","embeddable":true,"href":"https:\/\/www.upo.es\/diario\/wp-json\/wp\/v2\/categories?post=11407395"},{"taxonomy":"post_tag","embeddable":true,"href":"https:\/\/www.upo.es\/diario\/wp-json\/wp\/v2\/tags?post=11407395"}],"curies":[{"name":"wp","href":"https:\/\/api.w.org\/{rel}","templated":true}]}}