{"id":11407403,"date":"2015-12-14T13:29:01","date_gmt":"2015-12-14T12:29:01","guid":{"rendered":"https:\/\/www.upo.es\/diario\/?p=11407403"},"modified":"2020-10-27T16:52:32","modified_gmt":"2020-10-27T15:52:32","slug":"el-mito-de-al-andalus-como-tierra-arrebatada-al-islam-sigue-muy-presente-en-el-imaginario-del-terrorismo-yihadista-afirma-el-experto-de-la-upo-manuel-ricardo-torres-soriano","status":"publish","type":"post","link":"https:\/\/www.upo.es\/diario\/docencia-formacion\/2015\/12\/el-mito-de-al-andalus-como-tierra-arrebatada-al-islam-sigue-muy-presente-en-el-imaginario-del-terrorismo-yihadista-afirma-el-experto-de-la-upo-manuel-ricardo-torres-soriano\/","title":{"rendered":"\u00abEl mito de Al-Andalus como tierra arrebatada al Islam sigue muy presente en el imaginario del terrorismo yihadista\u00bb, afirma el experto de la UPO Manuel Ricardo Torres Soriano"},"content":{"rendered":"<p>El profesor de la Universidad Pablo de Olavide, Manuel Ricardo Torres Soriano, ha asegurado que el mito de Al-Andalus como tierra arrebatada al Islam sigue muy presente en el imaginario del terrorismo yihadista, entendido como una referencia simb\u00f3lica que se utiliza para se\u00f1alar no s\u00f3lo un periodo de esplendor que debe ser recuperado, sino tambi\u00e9n para afirmar que la yihad no finalizar\u00e1 hasta que el Califato se extienda por todas las tierras musulmanas, incluyendo la \u201cperdida Al-Andalus\u201d, \u00a0la cual supone el punto de cierre en Occidente de este proyecto pol\u00edtico-religioso. \u201cA pesar de que esta invocaci\u00f3n tiene un importante componente ret\u00f3rico, no debe despreciarse su impacto sobre la amenaza que sufre Espa\u00f1a\u201d, seg\u00fan este experto en terrorismo yihadista.<a href=\"https:\/\/www.upo.es\/diario\/wp-content\/uploads\/2015\/12\/MANUEL-R.-TORRES.jpg\"><img loading=\"lazy\" decoding=\"async\" class=\"aligncenter size-large wp-image-11407404\" alt=\"MANUEL R. TORRES\" src=\"https:\/\/www.upo.es\/diario\/wp-content\/uploads\/2015\/12\/MANUEL-R.-TORRES-600x401.jpg\" width=\"600\" height=\"401\" srcset=\"https:\/\/www.upo.es\/diario\/wp-content\/uploads\/2015\/12\/MANUEL-R.-TORRES-600x401.jpg 600w, https:\/\/www.upo.es\/diario\/wp-content\/uploads\/2015\/12\/MANUEL-R.-TORRES-320x214.jpg 320w\" sizes=\"auto, (max-width: 600px) 100vw, 600px\" \/><\/a><\/p>\n<p>Torres Soriano ha realizado estas declaraciones con motivo del comienzo del curso online \u201cAn\u00e1lisis del Terrorismo Yihadista, Insurgencia y Movimientos Radicales, VI Ed\u201d, que ha comenzado en la Universidad Pablo de Olavide y que dirige Torres Soriano. El principal objetivo de este programa formativo es formar a especialistas para que puedan desempe\u00f1ar con eficacia labores profesionales relacionadas con el an\u00e1lisis y la gesti\u00f3n p\u00fablica de los problemas relacionados con el terrorismo y la violencia pol\u00edtica.<\/p>\n<p>En su opini\u00f3n, los ataques terroristas en Par\u00eds no representan un cambio de estrategia del Estado Isl\u00e1mico, sino que son coherentes con el discurso que esta organizaci\u00f3n viene manteniendo desde hace tiempo. \u201cSu propaganda ha hecho una continua alusi\u00f3n a la necesidad de golpear a los \u2018cruzados\u2019 en su propio territorio. En el caso de Francia, las amenazas han sido a\u00fan m\u00e1s intensas, debido al abultado n\u00famero de combatientes procedentes de su territorio que se han unido al Estado Isl\u00e1mico. Un buen n\u00famero de ellos han participado en v\u00eddeos elaborados en franc\u00e9s donde se hac\u00eda un continuo llamamiento a atentar contra su pa\u00eds de origen, al cual se ha se\u00f1alado como uno de los principales enemigos a batir\u201d, explica el profesor.<\/p>\n<p>Por lo tanto, en opini\u00f3n de Manuel Ricardo Torres, los recientes atentados en Francia son una constataci\u00f3n del error de an\u00e1lisis de aquellos observadores que creyeron que mientras que esta organizaci\u00f3n siguiese ganando terreno en Siria-Irak, no estar\u00eda interesada en desviar su atenci\u00f3n emprendiendo una campa\u00f1a de atentados en Occidente.<\/p>\n<p>La respuesta de Francia a los ataques en Par\u00eds ha sido bombardear posiciones de los yihadistas en Siria. \u201cAunque de manera aislada \u00e9sta sea una medida insuficiente, eso no significa que no sea necesaria. La historia general del terrorismo nos ense\u00f1a que el principal elemento que potencia la peligrosidad y letalidad de una organizaci\u00f3n terrorista, es que \u00e9sta pueda contar con un refugio en el cual pueda desarrollar sus actividades con relativa seguridad\u201d, afirma este especialista.<\/p>\n<p>En esta l\u00ednea, considera que una organizaci\u00f3n terrorista que debe emplear la mayor parte de su tiempo y esfuerzos en autoprotegerse, es una organizaci\u00f3n que dispone de poca capacidad para planear y ejecutar atentados de envergadura. \u201cPor ello, la presi\u00f3n militar sobre las bases terroristas debe ser constante, con independencia de que se pongan en marcha medidas orientadas a mejorar la obtenci\u00f3n y difusi\u00f3n de inteligencia, la puesta en marcha de planes de contra-radicalizaci\u00f3n&#8230;\u201d.<\/p>\n<p>Con respecto a las causas que producen la radicalizaci\u00f3n violenta en j\u00f3venes nacidos en pa\u00edses occidentales, admite que son variadas y complejas. No obstante, en los \u00faltimos a\u00f1os se ha podido apreciar la importancia que tienen los conflictos identitarios como facilitadores de esta movilizaci\u00f3n terrorista. Y es que \u201cel yihadismo ofrece una respuesta maniquea, pero muy reconfortante, a muchos j\u00f3venes que necesitan resolver un conflicto sobre qui\u00e9nes son, cu\u00e1l es su prop\u00f3sito en la vida y qu\u00e9 se espera de ellos\u201d, puntualiza Manuel Ricardo. Por ello, \u201cno es accidental\u201d que en Occidente el llamamiento a la violencia yihadista haya tenido un mayor eco en aquellas comunidades musulmanes donde predominan las segundas y terceras generaciones, las cuales padecen en mayor medida este desarraigo y son m\u00e1s vulnerables a los mensajes que pretenden definir la identidad musulmana en t\u00e9rminos de conflicto violento.<\/p>\n<p>Por \u00faltimo, Torres Soriano advierte de que no debemos perder de vista la eficacia persuasiva de la propaganda yihadista, en especial la elaborada por el Estado Isl\u00e1mico, \u201cla cual ofrece una visi\u00f3n ut\u00f3pica sobre las condiciones de vida dentro del Califato, donde el mal y el pecado han sido erradicados a trav\u00e9s de la aplicaci\u00f3n de la voluntad divina, y donde es posible vivir en plenitud la identidad como musulm\u00e1n\u201d, concluye este experto.<\/p>\n","protected":false},"excerpt":{"rendered":"<p>El profesor de la Universidad Pablo de Olavide, Manuel Ricardo Torres Soriano, ha asegurado que el mito de Al-Andalus como tierra arrebatada al Islam sigue muy presente en el imaginario del terrorismo yihadista, entendido como una referencia simb\u00f3lica que se utiliza para se\u00f1alar no s\u00f3lo un periodo de esplendor que debe ser recuperado, sino tambi\u00e9n para afirmar que la yihad no finalizar\u00e1 hasta que el Califato se extienda por todas las tierras musulmanas, incluyendo la \u201cperdida Al-Andalus\u201d,  la cual supone el punto de cierre en Occidente de este proyecto pol\u00edtico-religioso. <\/p>\n","protected":false},"author":5,"featured_media":0,"comment_status":"closed","ping_status":"open","sticky":false,"template":"","format":"standard","meta":{"_monsterinsights_skip_tracking":false,"_monsterinsights_sitenote_active":false,"_monsterinsights_sitenote_note":"","_monsterinsights_sitenote_category":0,"footnotes":""},"categories":[2779],"tags":[2836,2834,2838,2425,2837,2835],"class_list":["post-11407403","post","type-post","status-publish","format-standard","hentry","category-docencia-formacion","tag-al-andaluis","tag-curso-on-line","tag-insurgencia","tag-islam","tag-movimientos-radicales","tag-terrorismo-yihadista"],"_links":{"self":[{"href":"https:\/\/www.upo.es\/diario\/wp-json\/wp\/v2\/posts\/11407403","targetHints":{"allow":["GET"]}}],"collection":[{"href":"https:\/\/www.upo.es\/diario\/wp-json\/wp\/v2\/posts"}],"about":[{"href":"https:\/\/www.upo.es\/diario\/wp-json\/wp\/v2\/types\/post"}],"author":[{"embeddable":true,"href":"https:\/\/www.upo.es\/diario\/wp-json\/wp\/v2\/users\/5"}],"replies":[{"embeddable":true,"href":"https:\/\/www.upo.es\/diario\/wp-json\/wp\/v2\/comments?post=11407403"}],"version-history":[{"count":6,"href":"https:\/\/www.upo.es\/diario\/wp-json\/wp\/v2\/posts\/11407403\/revisions"}],"predecessor-version":[{"id":11416553,"href":"https:\/\/www.upo.es\/diario\/wp-json\/wp\/v2\/posts\/11407403\/revisions\/11416553"}],"wp:attachment":[{"href":"https:\/\/www.upo.es\/diario\/wp-json\/wp\/v2\/media?parent=11407403"}],"wp:term":[{"taxonomy":"category","embeddable":true,"href":"https:\/\/www.upo.es\/diario\/wp-json\/wp\/v2\/categories?post=11407403"},{"taxonomy":"post_tag","embeddable":true,"href":"https:\/\/www.upo.es\/diario\/wp-json\/wp\/v2\/tags?post=11407403"}],"curies":[{"name":"wp","href":"https:\/\/api.w.org\/{rel}","templated":true}]}}