{"id":11417947,"date":"2015-12-16T05:40:20","date_gmt":"2015-12-16T05:40:20","guid":{"rendered":"https:\/\/www.upo.es\/diario\/?p=11417947"},"modified":"2015-12-16T10:32:30","modified_gmt":"2015-12-16T10:32:30","slug":"la-universidad-pablo-de-olavide-acoge-manana-la-iii-jornada-andaluza-sobre-deporte-y-salud","status":"publish","type":"post","link":"https:\/\/www.upo.es\/diario\/institucional\/2015\/12\/la-universidad-pablo-de-olavide-acoge-manana-la-iii-jornada-andaluza-sobre-deporte-y-salud\/","title":{"rendered":"La Universidad Pablo de Olavide acoge hoy la III Jornada Andaluza sobre Deporte y Salud"},"content":{"rendered":"<figure id=\"attachment_11429005\" aria-describedby=\"caption-attachment-11429005\" style=\"width: 600px\" class=\"wp-caption aligncenter\"><a href=\"https:\/\/www.upo.es\/diario\/wp-content\/uploads\/2015\/12\/Jdeporteysalud0.jpg\"><img loading=\"lazy\" decoding=\"async\" class=\"size-large wp-image-11429005\" alt=\"De izq. a dcha:Antonio Fern\u00e1ndez Mart\u00ednez, secretario general para el Deporte, \u00c1frica Calvo Lluch, decana de la Facultad del Deporte de la UPO y Leocricia Jim\u00e9nez L\u00f3pez, directora del Centro Andaluz de Medicina del Deporte.\" src=\"https:\/\/www.upo.es\/diario\/wp-content\/uploads\/2015\/12\/Jdeporteysalud0-600x400.jpg\" width=\"600\" height=\"400\" srcset=\"https:\/\/www.upo.es\/diario\/wp-content\/uploads\/2015\/12\/Jdeporteysalud0-600x400.jpg 600w, https:\/\/www.upo.es\/diario\/wp-content\/uploads\/2015\/12\/Jdeporteysalud0-320x213.jpg 320w\" sizes=\"auto, (max-width: 600px) 100vw, 600px\" \/><\/a><figcaption id=\"caption-attachment-11429005\" class=\"wp-caption-text\">De izq. a dcha: Antonio Fern\u00e1ndez Mart\u00ednez, secretario general para el Deporte, \u00c1frica Calvo Lluch, decana de la Facultad del Deporte de la UPO y Leocricia Jim\u00e9nez L\u00f3pez, directora del Centro Andaluz de Medicina del Deporte.<\/figcaption><\/figure>\n<p style=\"text-align: justify;\">La Universidad Pablo de Olavide acoge hoy mi\u00e9rcoles 16 de diciembre, desde las 10 horas en el sal\u00f3n de grados del edificio 7 de la UPO, la tercera edici\u00f3n de la Jornada Andaluza sobre Deporte y Salud organizada por el <a href=\"http:\/\/www.juntadeandalucia.es\/turismoydeporte\/opencms\/areas\/deporte\/camd\/\">Centro Andaluz de Medicina del Deporte<\/a> (CAMD), cuyo tema principal es \u201cel deporte como herramienta de participaci\u00f3n social\u201d.<\/p>\n<p style=\"text-align: justify;\">El acto ha sido inaugurado por Antonio Fern\u00e1ndez Mart\u00ednez, secretario general para el Deporte, \u00c1frica Calvo Lluch, decana de la Facultad del Deporte de la UPO y Leocricia Jim\u00e9nez L\u00f3pez, directora del Centro Andaluz de Medicina del Deporte.<\/p>\n<p style=\"text-align: justify;\">El encuentro re\u00fane a expertos que abordar\u00e1n diferentes temas a trav\u00e9s de conferencias y mesas redondas tales como las ponencias \u201cBases cient\u00edficas del ejercicio como herramienta integradora\u201d impartida por el profesor-investigador de la UPO, Alfredo Santalla, y \u201cUna experiencia de vida: el deporte\u201d impartida por la concejala de Accesibilidad del Ayuntamiento de M\u00e1laga y medallista de oro de esgrima en las paralimpiadas de Barcelona 92, Francisca Bazalo.<\/p>\n<p style=\"text-align: justify;\">Por otro lado, el \u201cdeporte e inclusi\u00f3n social\u201d y el \u201cdeporte y diversidad\u201d son los temas que se analizar\u00e1n en las mesas redondas donde participar\u00e1n expertos y profesionales tales como Julio \u00c1ngel Herrador S\u00e1nchez, profesor de la UPO para abordar el deporte en el \u00e1mbito penitenciario; Concepci\u00f3n Begines Amuedo, jefa de Servicio del Centro Provincial de Sevilla del Instituto Andaluz de la Mujer para hablar de la actividad f\u00edsica en casas de acogida, y Andr\u00e9s L\u00f3pez Pardo, psiquiatra de la Fundaci\u00f3n P\u00fablica Andaluza para la Integraci\u00f3n Social de Persona con Enfermedad Mental (FAISEM) y presidente de la Asociaci\u00f3n Espa\u00f1ola Deportiva por la Integraci\u00f3n y Recuperaci\u00f3n (ACEDIR), entre otros.<\/p>\n<p style=\"text-align: justify;\"><a href=\"http:\/\/www.juntadeandalucia.es\/turismoydeporte\/export\/sites\/ctc\/areas\/deporte\/camd\/.galleries\/galeria-de-archivos-del-CAMD\/Novedades-CAMD\/2015-11-25-Programa-JADS-III-2.pdf\">Programa \u201cIII Jornada Andaluza sobre Deporte y Salud\u201d<\/a><\/p>\n","protected":false},"excerpt":{"rendered":"<p>La Universidad Pablo de Olavide acoge hoy mi\u00e9rcoles 16 de diciembre, en el sal\u00f3n de grados del edificio 7 de la UPO, la tercera edici\u00f3n de la Jornada Andaluza sobre Deporte y Salud organizada por el Centro Andaluz de Medicina del Deporte (CAMD), cuyo tema principal es \u201cel deporte como herramienta de participaci\u00f3n social\u201d.<\/p>\n","protected":false},"author":4,"featured_media":0,"comment_status":"closed","ping_status":"open","sticky":false,"template":"","format":"standard","meta":{"_monsterinsights_skip_tracking":false,"_monsterinsights_sitenote_active":false,"_monsterinsights_sitenote_note":"","_monsterinsights_sitenote_category":0,"footnotes":""},"categories":[6],"tags":[2845,541,379,514,218],"class_list":["post-11417947","post","type-post","status-publish","format-standard","hentry","category-institucional","tag-centro-andaluz-de-medicina-del-deporte","tag-deporte","tag-facultad-del-deporte","tag-jornada","tag-salud"],"_links":{"self":[{"href":"https:\/\/www.upo.es\/diario\/wp-json\/wp\/v2\/posts\/11417947","targetHints":{"allow":["GET"]}}],"collection":[{"href":"https:\/\/www.upo.es\/diario\/wp-json\/wp\/v2\/posts"}],"about":[{"href":"https:\/\/www.upo.es\/diario\/wp-json\/wp\/v2\/types\/post"}],"author":[{"embeddable":true,"href":"https:\/\/www.upo.es\/diario\/wp-json\/wp\/v2\/users\/4"}],"replies":[{"embeddable":true,"href":"https:\/\/www.upo.es\/diario\/wp-json\/wp\/v2\/comments?post=11417947"}],"version-history":[{"count":6,"href":"https:\/\/www.upo.es\/diario\/wp-json\/wp\/v2\/posts\/11417947\/revisions"}],"predecessor-version":[{"id":11417950,"href":"https:\/\/www.upo.es\/diario\/wp-json\/wp\/v2\/posts\/11417947\/revisions\/11417950"}],"wp:attachment":[{"href":"https:\/\/www.upo.es\/diario\/wp-json\/wp\/v2\/media?parent=11417947"}],"wp:term":[{"taxonomy":"category","embeddable":true,"href":"https:\/\/www.upo.es\/diario\/wp-json\/wp\/v2\/categories?post=11417947"},{"taxonomy":"post_tag","embeddable":true,"href":"https:\/\/www.upo.es\/diario\/wp-json\/wp\/v2\/tags?post=11417947"}],"curies":[{"name":"wp","href":"https:\/\/api.w.org\/{rel}","templated":true}]}}