{"id":11418427,"date":"2015-12-16T05:45:53","date_gmt":"2015-12-16T05:45:53","guid":{"rendered":"https:\/\/www.upo.es\/diario\/?p=11418427"},"modified":"2015-12-16T07:54:05","modified_gmt":"2015-12-16T07:54:05","slug":"seminario-internacional-un-crimen-sin-historia-definir-y-repensar-el-genocidio-en-la-epoca-moderna","status":"publish","type":"post","link":"https:\/\/www.upo.es\/diario\/institucional\/2015\/12\/seminario-internacional-un-crimen-sin-historia-definir-y-repensar-el-genocidio-en-la-epoca-moderna\/","title":{"rendered":"Seminario internacional \u201c\u00bfUn crimen sin Historia? Definir y repensar el genocidio en la \u00c9poca Moderna\u201d"},"content":{"rendered":"<p><a href=\"https:\/\/www.upo.es\/diario\/wp-content\/uploads\/2015\/12\/seminario_crimen.jpg\"><img loading=\"lazy\" decoding=\"async\" class=\"alignright size-medium wp-image-11418428\" alt=\"Cartel\" src=\"https:\/\/www.upo.es\/diario\/wp-content\/uploads\/2015\/12\/seminario_crimen-226x320.jpg\" width=\"226\" height=\"320\" srcset=\"https:\/\/www.upo.es\/diario\/wp-content\/uploads\/2015\/12\/seminario_crimen-226x320.jpg 226w, https:\/\/www.upo.es\/diario\/wp-content\/uploads\/2015\/12\/seminario_crimen-424x600.jpg 424w, https:\/\/www.upo.es\/diario\/wp-content\/uploads\/2015\/12\/seminario_crimen-600x848.jpg 600w\" sizes=\"auto, (max-width: 226px) 100vw, 226px\" \/><\/a>La Escuela de Estudios Hispano-Americanos acoge hoy mi\u00e9rcoles 16 de diciembre el <b>seminario internacional \u201c\u00bfUn crimen sin Historia? Definir y repensar el genocidio en la \u00c9poca Moderna\u201d<\/b>, organizado por el profesor de la Universidad Pablo de Olavide Igor P\u00e9rez Tostado, en el marco del Proyecto de Investigaci\u00f3n del Ministerio de Econom\u00eda y Competitividad \u201cEn los l\u00edmites de la violencia: masacre y proyecci\u00f3n de la Monarqu\u00edas Ib\u00e9ricas en los Siglos Modernos\u201d (HAR2014- 52414-C2-2-P ).<\/p>\n<p>El seminario, que comenzar\u00e1 a las 9:00 horas, contar\u00e1 con la participaci\u00f3n de historiadores procedentes de universidades inglesas, australianas, italianas, francesas y espa\u00f1olas, quienes intervendr\u00e1n en tres mesas redondas en las que se analizar\u00e1n los \u201cConceptos y terminolog\u00eda\u201d, \u201cLey y violencia colectiva\u201d, y \u201cLa violencia colectiva entre \u00e9poca moderna y contempor\u00e1nea\u201d.<\/p>\n<p>El encuentro, que se celebra bajo la secretar\u00eda cient\u00edfica de la profesora de la UPO Laura Borrag\u00e1n, se celebrar\u00e1 a lo largo del d\u00eda de ma\u00f1ana mi\u00e9rcoles en la Sala Rafael Yuste de la Escuela de Estudios Hispano-Americanos (C\/. Alfonso XII, 16).<\/p>\n<p>&nbsp;<\/p>\n<p><b><a href=\"https:\/\/www.upo.es\/historia_moderna\/export\/sites\/historia_moderna\/documentosnoticias\/working_program.pdf\">Programa del seminario internacional \u201c\u00bfUn crimen sin Historia? Definir y repensar el genocidio en la \u00c9poca Moderna\u201d<\/a><\/b><\/p>\n","protected":false},"excerpt":{"rendered":"<p>La Escuela de Estudios Hispano-Americanos acoge hoy mi\u00e9rcoles 16 de diciembre el seminario internacional \u201c\u00bfUn crimen sin Historia? Definir y repensar el genocidio en la \u00c9poca Moderna\u201d, organizado por el profesor de la Universidad Pablo de Olavide Igor P\u00e9rez Tostado, en el marco del Proyecto de Investigaci\u00f3n del Ministerio de Econom\u00eda y Competitividad \u201cEn los l\u00edmites de la violencia: masacre y proyecci\u00f3n de la Monarqu\u00edas Ib\u00e9ricas en los Siglos Modernos\u201d (HAR2014- 52414-C2-2-P ).<\/p>\n","protected":false},"author":2,"featured_media":0,"comment_status":"closed","ping_status":"open","sticky":false,"template":"","format":"standard","meta":{"_monsterinsights_skip_tracking":false,"_monsterinsights_sitenote_active":false,"_monsterinsights_sitenote_note":"","_monsterinsights_sitenote_category":0,"footnotes":""},"categories":[6],"tags":[2848,2849,150,2616,78],"class_list":["post-11418427","post","type-post","status-publish","format-standard","hentry","category-institucional","tag-crimen","tag-genocidio","tag-historia","tag-historiadores","tag-seminario"],"_links":{"self":[{"href":"https:\/\/www.upo.es\/diario\/wp-json\/wp\/v2\/posts\/11418427","targetHints":{"allow":["GET"]}}],"collection":[{"href":"https:\/\/www.upo.es\/diario\/wp-json\/wp\/v2\/posts"}],"about":[{"href":"https:\/\/www.upo.es\/diario\/wp-json\/wp\/v2\/types\/post"}],"author":[{"embeddable":true,"href":"https:\/\/www.upo.es\/diario\/wp-json\/wp\/v2\/users\/2"}],"replies":[{"embeddable":true,"href":"https:\/\/www.upo.es\/diario\/wp-json\/wp\/v2\/comments?post=11418427"}],"version-history":[{"count":2,"href":"https:\/\/www.upo.es\/diario\/wp-json\/wp\/v2\/posts\/11418427\/revisions"}],"predecessor-version":[{"id":11427611,"href":"https:\/\/www.upo.es\/diario\/wp-json\/wp\/v2\/posts\/11418427\/revisions\/11427611"}],"wp:attachment":[{"href":"https:\/\/www.upo.es\/diario\/wp-json\/wp\/v2\/media?parent=11418427"}],"wp:term":[{"taxonomy":"category","embeddable":true,"href":"https:\/\/www.upo.es\/diario\/wp-json\/wp\/v2\/categories?post=11418427"},{"taxonomy":"post_tag","embeddable":true,"href":"https:\/\/www.upo.es\/diario\/wp-json\/wp\/v2\/tags?post=11418427"}],"curies":[{"name":"wp","href":"https:\/\/api.w.org\/{rel}","templated":true}]}}