{"id":1144413,"date":"2013-07-05T09:29:34","date_gmt":"2013-07-05T09:29:34","guid":{"rendered":"https:\/\/www.upo.es\/diario\/?p=1144413"},"modified":"2013-07-05T09:31:30","modified_gmt":"2013-07-05T09:31:30","slug":"ceremonia-fin-de-carrera-de-humanidades-y-la-doble-en-humanidades-y-traduccion-e-interpretacion-de-la-upo","status":"publish","type":"post","link":"https:\/\/www.upo.es\/diario\/institucional\/2013\/07\/ceremonia-fin-de-carrera-de-humanidades-y-la-doble-en-humanidades-y-traduccion-e-interpretacion-de-la-upo\/","title":{"rendered":"Ceremonia Fin de Carrera de Humanidades y la doble en Humanidades y Traducci\u00f3n e Interpretaci\u00f3n de la UPO"},"content":{"rendered":"<figure id=\"attachment_1144414\" aria-describedby=\"caption-attachment-1144414\" style=\"width: 320px\" class=\"wp-caption alignright\"><a href=\"https:\/\/www.upo.es\/diario\/wp-content\/uploads\/2013\/07\/130704-UPO_105.jpg\"><img loading=\"lazy\" decoding=\"async\" class=\"size-medium wp-image-1144414\" alt=\"Las promociones de las licenciaturas de Humanidades y la conjunta en Humanidades y Traducci\u00f3n e Interpretaci\u00f3n\" src=\"https:\/\/www.upo.es\/diario\/wp-content\/uploads\/2013\/07\/130704-UPO_105-320x212.jpg\" width=\"320\" height=\"212\" srcset=\"https:\/\/www.upo.es\/diario\/wp-content\/uploads\/2013\/07\/130704-UPO_105-320x212.jpg 320w, https:\/\/www.upo.es\/diario\/wp-content\/uploads\/2013\/07\/130704-UPO_105-600x398.jpg 600w, https:\/\/www.upo.es\/diario\/wp-content\/uploads\/2013\/07\/130704-UPO_105.jpg 780w\" sizes=\"auto, (max-width: 320px) 100vw, 320px\" \/><\/a><figcaption id=\"caption-attachment-1144414\" class=\"wp-caption-text\">Las promociones de las licenciaturas de Humanidades y la conjunta en Humanidades y Traducci\u00f3n e Interpretaci\u00f3n. Fuente: Foto \u00c9xito<\/figcaption><\/figure>\n<figure id=\"attachment_1144415\" aria-describedby=\"caption-attachment-1144415\" style=\"width: 320px\" class=\"wp-caption alignright\"><a href=\"https:\/\/www.upo.es\/diario\/wp-content\/uploads\/2013\/07\/130704-UPO_028.jpg\"><img loading=\"lazy\" decoding=\"async\" class=\"size-medium wp-image-1144415\" alt=\"Los padrinos de las promociones durante la imposici\u00f3n de becas\" src=\"https:\/\/www.upo.es\/diario\/wp-content\/uploads\/2013\/07\/130704-UPO_028-320x212.jpg\" width=\"320\" height=\"212\" srcset=\"https:\/\/www.upo.es\/diario\/wp-content\/uploads\/2013\/07\/130704-UPO_028-320x212.jpg 320w, https:\/\/www.upo.es\/diario\/wp-content\/uploads\/2013\/07\/130704-UPO_028-600x398.jpg 600w, https:\/\/www.upo.es\/diario\/wp-content\/uploads\/2013\/07\/130704-UPO_028.jpg 900w\" sizes=\"auto, (max-width: 320px) 100vw, 320px\" \/><\/a><figcaption id=\"caption-attachment-1144415\" class=\"wp-caption-text\">Los padrinos de las promociones durante la imposici\u00f3n de becas. Fuente: Foto \u00c9xito<\/figcaption><\/figure>\n<p>La Ceremonia Fin de Carrera de las promociones 2008-2013 de las licenciaturas en Humanidades y la conjunta en Humanidades y Traducci\u00f3n e Interpretaci\u00f3n se celebr\u00f3 ayer jueves en la Universidad Pablo de Olavide, presidida por el decano de la Facultad de Humanidades, Jos\u00e9 Miguel Mart\u00edn Mart\u00edn.<\/p>\n<p>Los padrinos de las promociones fueron los profesores del departamento de Geograf\u00eda, Historia y Filosof\u00eda de la UPO, Silvia P\u00e9rez Gonz\u00e1lez y Jos\u00e9 Ram\u00f3n Carrillo D\u00edaz-Pines. Asimismo, a la ceremonia tambi\u00e9n asistieron Mar\u00eda Dolores P\u00e9rez Bernal, vicedecana de Planificaci\u00f3n, Calidad e Innovaci\u00f3n y la profesora del departamento de Filolog\u00eda y Traducci\u00f3n, M\u00aa Elena de la Cova Morillo-Velarde. Los representantes de los estudiantes fueron Celia Fern\u00e1ndez Galv\u00e1n de la licenciatura en Humanidades, y Marta Garz\u00f3n M\u00e1rquez y M\u00aa del Carmen Velasco Montiel de la conjunta en Humanidades y Traducci\u00f3n e Interpretaci\u00f3n.<\/p>\n<p>Un total de 24 egresados &#8211; 9 pertenecientes a la licenciatura en Humanidades y 15 a la conjunta en Humanidades y Traducci\u00f3n e Interpretaci\u00f3n &#8211; asistieron junto a sus familiares a este acto con el que la Universidad Pablo de Olavide recupera una antigua tradici\u00f3n de las universidades europeas.<\/p>\n","protected":false},"excerpt":{"rendered":"<p>La Ceremonia Fin de Carrera de las promociones 2008-2013 de la licenciatura en Humanidades y de la conjunta en Humanidades y Traducci\u00f3n e Interpretaci\u00f3n se celebr\u00f3 ayer jueves en la Universidad Pablo de Olavide, presidida por el decano de la Facultad de Humanidades, Jos\u00e9 Miguel Mart\u00edn Mart\u00edn.<\/p>\n","protected":false},"author":4,"featured_media":0,"comment_status":"closed","ping_status":"open","sticky":false,"template":"","format":"standard","meta":{"_monsterinsights_skip_tracking":false,"_monsterinsights_sitenote_active":false,"_monsterinsights_sitenote_note":"","_monsterinsights_sitenote_category":0,"footnotes":""},"categories":[6],"tags":[581,96,132,599,754],"class_list":["post-1144413","post","type-post","status-publish","format-standard","hentry","category-institucional","tag-ceremonia-de-egresados","tag-facultad-de-humanidades","tag-humanidades","tag-licenciaturas","tag-traduccion-e-interpretacion"],"_links":{"self":[{"href":"https:\/\/www.upo.es\/diario\/wp-json\/wp\/v2\/posts\/1144413","targetHints":{"allow":["GET"]}}],"collection":[{"href":"https:\/\/www.upo.es\/diario\/wp-json\/wp\/v2\/posts"}],"about":[{"href":"https:\/\/www.upo.es\/diario\/wp-json\/wp\/v2\/types\/post"}],"author":[{"embeddable":true,"href":"https:\/\/www.upo.es\/diario\/wp-json\/wp\/v2\/users\/4"}],"replies":[{"embeddable":true,"href":"https:\/\/www.upo.es\/diario\/wp-json\/wp\/v2\/comments?post=1144413"}],"version-history":[{"count":3,"href":"https:\/\/www.upo.es\/diario\/wp-json\/wp\/v2\/posts\/1144413\/revisions"}],"predecessor-version":[{"id":1144417,"href":"https:\/\/www.upo.es\/diario\/wp-json\/wp\/v2\/posts\/1144413\/revisions\/1144417"}],"wp:attachment":[{"href":"https:\/\/www.upo.es\/diario\/wp-json\/wp\/v2\/media?parent=1144413"}],"wp:term":[{"taxonomy":"category","embeddable":true,"href":"https:\/\/www.upo.es\/diario\/wp-json\/wp\/v2\/categories?post=1144413"},{"taxonomy":"post_tag","embeddable":true,"href":"https:\/\/www.upo.es\/diario\/wp-json\/wp\/v2\/tags?post=1144413"}],"curies":[{"name":"wp","href":"https:\/\/api.w.org\/{rel}","templated":true}]}}