{"id":1144904,"date":"2013-07-05T05:55:31","date_gmt":"2013-07-05T05:55:31","guid":{"rendered":"https:\/\/www.upo.es\/diario\/?p=1144904"},"modified":"2013-07-08T12:31:35","modified_gmt":"2013-07-08T12:31:35","slug":"la-periodista-pepa-bueno-abrira-el-proximo-lunes-el-curso-periodismo-nuevas-alternativas","status":"publish","type":"post","link":"https:\/\/www.upo.es\/diario\/institucional\/2013\/07\/la-periodista-pepa-bueno-abrira-el-proximo-lunes-el-curso-periodismo-nuevas-alternativas\/","title":{"rendered":"La periodista Pepa Bueno abrir\u00e1 el pr\u00f3ximo lunes el curso \u201cPeriodismo, nuevas alternativas\u201d"},"content":{"rendered":"<figure id=\"attachment_1105267\" aria-describedby=\"caption-attachment-1105267\" style=\"width: 320px\" class=\"wp-caption alignright\"><a href=\"https:\/\/www.upo.es\/diario\/wp-content\/uploads\/2013\/06\/CursosdeVerano2013-1.jpg\"><img loading=\"lazy\" decoding=\"async\" class=\"size-medium wp-image-1105267\" alt=\"Cursos de Verano de la UPO 2013, cartel\" src=\"https:\/\/www.upo.es\/diario\/wp-content\/uploads\/2013\/06\/CursosdeVerano2013-1-320x213.jpg\" width=\"320\" height=\"213\" srcset=\"https:\/\/www.upo.es\/diario\/wp-content\/uploads\/2013\/06\/CursosdeVerano2013-1-320x213.jpg 320w, https:\/\/www.upo.es\/diario\/wp-content\/uploads\/2013\/06\/CursosdeVerano2013-1-1024x682.jpg 1024w, https:\/\/www.upo.es\/diario\/wp-content\/uploads\/2013\/06\/CursosdeVerano2013-1-600x399.jpg 600w\" sizes=\"auto, (max-width: 320px) 100vw, 320px\" \/><\/a><figcaption id=\"caption-attachment-1105267\" class=\"wp-caption-text\">Los Cursos de Verano se celebran en la sede universitaria de la UPO en Carmona<\/figcaption><\/figure>\n<p>El pr\u00f3ximo lunes 8 de julio, a las 10.30 horas en la Casa Palacio de Los Briones, en Carmona, la periodista Pepa Bueno abrir\u00e1 el curso de verano <b>\u201c<a href=\"http:\/\/www.upo.es\/olavideencarmona\/export\/sites\/upo_carmona\/documentos\/2013\/2013cc16.pdf\">Periodismo, Nuevas Alternativas<\/a>\u201d<\/b>, con la conferencia inaugural \u201cFin de una \u00e9poca, y ahora qu\u00e9\u201d. Este curso, coordinado por Rafael Rodr\u00edguez Guerrero, presidente de la Asociaci\u00f3n de la Prensa de Sevilla, abordar\u00e1 hasta el viernes 12 de julio temas como la \u00e9tica y la deontolog\u00eda del Periodismo, los nuevos caminos de emprendimiento en el sector de los medios de comunicaci\u00f3n con iniciativas locales y regionales, los nuevos proyectos en internet, el presente y futuro de los medios p\u00fablicos, o el periodismo en el campo de la investigaci\u00f3n, en los programas de entretenimiento o en los gabinetes de comunicaci\u00f3n.<\/p>\n<p>La jornada del lunes continuar\u00e1 a las 12.30 horas con la mesa redonda \u201cLa \u00e9tica period\u00edstica, \u00bfen crisis?\u201d, moderada por Manuel N\u00fa\u00f1ez-Encabo, catedr\u00e1tico de Ciencias de la Informaci\u00f3n y presidente de la Comisi\u00f3n de Arbitraje, Quejas y Deontolog\u00eda del Periodismo de la FAPE. Por la tarde, a las 16.30 horas se celebrar\u00e1 la mesa redonda \u201cPresente y futuro del peri\u00f3dico en papel\u201d, en la que participan \u00c1lvaro Ybarra, director del diario ABC Sevilla; Jos\u00e9 Antonio Carrizosa, director de publicaciones del Grupo Joly y del Diario de Sevilla, y Arsenio Escolar, director de 20 Minutos. A las 18.30 horas tendr\u00e1 lugar la mesa redonda \u201cLos due\u00f1os de los medios de comunicaci\u00f3n. \u00bfMandan grupos empresariales ajenos al periodismo? \u00bfMandan los gerentes? \u00bfQu\u00e9 papel juegan el director y los redactores? \u00bfQu\u00e9 importa, el negocio o el proyecto?\u201d, formada por Juan Carlos Fern\u00e1ndez, director general del Grupo Joly; Juan Carlos Blanco, director de El Correo de Andaluc\u00eda, y Ram\u00f3n Lobo, periodista de InfoLibre y ex redactor de El Pa\u00eds.<\/p>\n<p>\u201cVIII Curso Internacional sobre Terrorismo Yihadista: Violencia y Cambio Pol\u00edtico en el Mundo Arabo-Musulm\u00e1n\u201d, \u201cXI Taller Pr\u00e1ctico: La Magia de la Mediaci\u00f3n\u201d y \u201cTerapias Ecuestres: Fundamentos Te\u00f3ricos, Cient\u00edficos y Pr\u00e1cticos de las Intervenciones Terape\u00faticas asistidas por el Caballo\u201d son los otros tres cursos de verano de la UPO, que junto al seminario \u201cPeriodismo, Nuevas Alternativas\u201d, se celebran a partir del lunes en Carmona y a cuya inauguraci\u00f3n, el pr\u00f3ximo lunes a las 10 horas en el Centro Cultural Olavide en Carmona, casa palacio de Los Briones, asistir\u00e1 Miguel \u00c1ngel Gual Font, vicerrector de Postgrado, Formaci\u00f3n Permanente y Empleo de la Universidad Pablo de Olavide; Ram\u00f3n Gavira Gordon, delegado de Cultura y de Patrimonio Hist\u00f3rico y Turismo del Ayuntamiento de Carmona, \u00a0as\u00ed como los coordinadores de los cursos.<\/p>\n<p>Manuel Ricardo Torres Soriano, profesor del \u00c1rea de Ciencia Pol\u00edtica y de la Administraci\u00f3n del Departamento de Derecho P\u00fablico de la Universidad Pablo de Olavide, y Javier Jord\u00e1n Enamorado, profesor del Departamento de Ciencia Pol\u00edtica y de la Administraci\u00f3n de la Universidad de Granada, coordinan el\u00a0 \u00a0<b><a href=\"http:\/\/www.upo.es\/olavideencarmona\/export\/sites\/upo_carmona\/documentos\/2013\/2013cc17.pdf\">\u201cVIII Curso Internacional sobre Terrorismo Yihadista: Violencia y Cambio Pol\u00edtico en el Mundo Arabo-Musulm\u00e1n\u201d<\/a>. <\/b>Este seminario, que se celebrar\u00e1 del 8 al 10 de julio en el Hotel Alc\u00e1zar de la Reina, pretende ofrecer una reflexi\u00f3n acad\u00e9mica y profesional sobre el fen\u00f3meno del terrorismo yihadista, aportando instrumentos de an\u00e1lisis desde diferentes enfoques cient\u00edficos. Esta edici\u00f3n dedicar\u00e1 una especial atenci\u00f3n a la situaci\u00f3n estrat\u00e9gica y operativa de la organizaci\u00f3n terrorista Al Qaeda y sus grupos afines en el nuevo contexto geopol\u00edtico resultante de las revueltas en el mundo \u00e1rabe.<\/p>\n<p>Este seminario contar\u00e1 el lunes 8 de julio con la participaci\u00f3n de Miguel \u00c1ngel Ballesteros Mart\u00edn, General de brigada y director del Instituto Espa\u00f1ol de Estudios Estrat\u00e9gicos, quien hablar\u00e1 a las 12 horas en el Hotel Alc\u00e1zar de la Reina sobre \u201cLa pol\u00edtica exterior estadounidense y el nuevo contexto pol\u00edtico del mundo \u00e1rabe\u201d y a las 16 horas ofrecer\u00e1 la ponencia \u201cDiagn\u00f3stico estrat\u00e9gico del Sahel\u201d. Previamente, a las 10.30 horas, el profesor Javier Jord\u00e1n Enamorado impartir\u00e1 la conferencia \u201cEvoluci\u00f3n organizativa del terrorismo yihadista en Espa\u00f1a\u201d, y a las 13 horas, Manuel Navarrete Paniagua, teniente coronel de la Guardia Civil y jefe del Servicio de Informaci\u00f3n Exterior, ofrecer\u00e1 la ponencia \u201cUn balance de las \u00faltimas operaciones contra el terrorismo yihadista en Espa\u00f1a\u201d. Finalmente, a las 17 horas, Jes\u00fas D\u00edez Alcalde, teniente coronel y analista del Instituto Espa\u00f1ol de Estudios Estrat\u00e9gicos, impartir\u00e1 la conferencia \u201cConflicto de Mali: Origen, desarrollo y evoluci\u00f3n\u201d.<\/p>\n<p>Otro de los cursos que comienzan el lunes es el <b><a href=\"http:\/\/www.upo.es\/olavideencarmona\/export\/sites\/upo_carmona\/documentos\/2013\/2013cc18.pdf\">\u201cXI Taller Pr\u00e1ctico: La Magia de la Mediaci\u00f3n\u201d<\/a>, <\/b>coordinado por Javier Al\u00e9s Sioli, profesor del Departamento de Derecho P\u00fablico de la Universidad Pablo de Olavide. Este curso, que se celebra del 8 al 10 de julio, acercar\u00e1 a los alumnos y a los profesionales la resoluci\u00f3n y gesti\u00f3n de conflictos de una manera creativa.<\/p>\n<p>As\u00ed, el lunes 8 de julio a las 10 horas en la Casa Palacio de Los Briones, el coordinador del curso abrir\u00e1 dicho seminario con la conferencia \u201cViajar ligero de equipaje\u201d. Por la tarde, a las 16 horas, Juan Diego Mata, mediador y profesor de la Universidad Pablo de Olavide, impartir\u00e1 el taller \u201cEl sexto sentido en mediaci\u00f3n\u201d.<\/p>\n<p>Finalmente, <b><a href=\"http:\/\/www.upo.es\/olavideencarmona\/export\/sites\/upo_carmona\/documentos\/2013\/2013cc19.pdf\">\u201cTerapias Ecuestres: Fundamentos Te\u00f3ricos, Cient\u00edficos y Pr\u00e1cticos de las Intervenciones Terape\u00faticas asistidas por el Caballo\u201d<\/a><\/b>, coordinado por Sandra de Soto Galv\u00e1n, directora de la Fundaci\u00f3n para el Desarrollo de las Terapias Ecuestres, psic\u00f3loga, terapeuta ecuestre y t\u00e9cnica deportiva en equitaci\u00f3n, es otro de los cursos que se celebrar\u00e1 la pr\u00f3xima semana en Carmona, concretamente del lunes 8 de julio al mi\u00e9rcoles d\u00eda 10. Con el curso de terapias ecuestres se presentar\u00e1 al alumnado una revisi\u00f3n te\u00f3rica y cient\u00edfica de las terapias asistidas con caballos y se mostrar\u00e1n los programas de aplicaci\u00f3n te\u00f3rico-pr\u00e1ctica de estas terapias desde distintas vertientes y posibilidades de intervenci\u00f3n.<\/p>\n<p>As\u00ed, el lunes 8 de julio, a las 11 horas en la Casa Palacio de Los Briones, la coordinadora del curso abrir\u00e1 dicho seminario con la conferencia \u201cFundamentos te\u00f3ricos de las terapias ecuestres. Terminolog\u00eda, destinatarios, metodolog\u00eda y modalidades de trabajo\u201d. A las 12.30 horas, Rub\u00e9n David Maldonado Ferrete, de la Fundaci\u00f3n para el Desarrollo de las Terapias Ecuestres, diplomado en Fisioterapia, licenciado en Ciencias de la Actividad F\u00edsica y el Deporte y terapeuta ecuestre, hablar\u00e1 sobre \u201cLas terapias ecuestres en la \u00faltima d\u00e9cada: Fundamentos cient\u00edficos, estudios experimentales\u201d.<\/p>\n<p>&nbsp;<\/p>\n","protected":false},"excerpt":{"rendered":"<p>El pr\u00f3ximo lunes 8 de julio, a las 10.30 horas en la Casa Palacio de Los Briones, en Carmona, la periodista Pepa Bueno abrir\u00e1 el curso de verano \u201cPeriodismo, Nuevas Alternativas\u201d, con la conferencia inaugural \u201cFin de una \u00e9poca, y ahora qu\u00e9\u201d.<\/p>\n","protected":false},"author":6,"featured_media":0,"comment_status":"closed","ping_status":"open","sticky":false,"template":"","format":"standard","meta":{"_monsterinsights_skip_tracking":false,"_monsterinsights_sitenote_active":false,"_monsterinsights_sitenote_note":"","_monsterinsights_sitenote_category":0,"footnotes":""},"categories":[6],"tags":[23,141,22,519,687],"class_list":["post-1144904","post","type-post","status-publish","format-standard","hentry","category-institucional","tag-carmona","tag-curso","tag-cursos-de-verano","tag-olavide-en-carmona","tag-periodismo"],"_links":{"self":[{"href":"https:\/\/www.upo.es\/diario\/wp-json\/wp\/v2\/posts\/1144904","targetHints":{"allow":["GET"]}}],"collection":[{"href":"https:\/\/www.upo.es\/diario\/wp-json\/wp\/v2\/posts"}],"about":[{"href":"https:\/\/www.upo.es\/diario\/wp-json\/wp\/v2\/types\/post"}],"author":[{"embeddable":true,"href":"https:\/\/www.upo.es\/diario\/wp-json\/wp\/v2\/users\/6"}],"replies":[{"embeddable":true,"href":"https:\/\/www.upo.es\/diario\/wp-json\/wp\/v2\/comments?post=1144904"}],"version-history":[{"count":8,"href":"https:\/\/www.upo.es\/diario\/wp-json\/wp\/v2\/posts\/1144904\/revisions"}],"predecessor-version":[{"id":1162593,"href":"https:\/\/www.upo.es\/diario\/wp-json\/wp\/v2\/posts\/1144904\/revisions\/1162593"}],"wp:attachment":[{"href":"https:\/\/www.upo.es\/diario\/wp-json\/wp\/v2\/media?parent=1144904"}],"wp:term":[{"taxonomy":"category","embeddable":true,"href":"https:\/\/www.upo.es\/diario\/wp-json\/wp\/v2\/categories?post=1144904"},{"taxonomy":"post_tag","embeddable":true,"href":"https:\/\/www.upo.es\/diario\/wp-json\/wp\/v2\/tags?post=1144904"}],"curies":[{"name":"wp","href":"https:\/\/api.w.org\/{rel}","templated":true}]}}