{"id":1145631,"date":"2013-07-08T06:00:25","date_gmt":"2013-07-08T06:00:25","guid":{"rendered":"https:\/\/www.upo.es\/diario\/?p=1145631"},"modified":"2013-07-10T12:12:56","modified_gmt":"2013-07-10T12:12:56","slug":"el-rector-afirma-que-la-universidad-pablo-de-olavide-es-y-sera-siempre-lo-que-rosario-valpuesta-quiso-que-fuera","status":"publish","type":"post","link":"https:\/\/www.upo.es\/diario\/institucional\/2013\/07\/el-rector-afirma-que-la-universidad-pablo-de-olavide-es-y-sera-siempre-lo-que-rosario-valpuesta-quiso-que-fuera\/","title":{"rendered":"El rector afirma que la Universidad Pablo de Olavide es y ser\u00e1 siempre lo que Rosario Valpuesta quiso que fuera"},"content":{"rendered":"<figure id=\"attachment_1174594\" aria-describedby=\"caption-attachment-1174594\" style=\"width: 320px\" class=\"wp-caption alignright\"><a href=\"https:\/\/www.upo.es\/diario\/wp-content\/uploads\/2013\/07\/homrosvalpuesta.jpg\"><img loading=\"lazy\" decoding=\"async\" class=\"size-medium wp-image-1174594\" alt=\"Teodora Torres Garc\u00eda, catedr\u00e1tica de Derecho Civil de la Universidad de Valladolid; Juan \u00c1vila Guti\u00e9rrez, alcalde presidente del Ayuntamiento de Carmona; Vicente Guzm\u00e1n Fluja, rector de la Universidad Pablo de Olavide; \u00c1ngel L\u00f3pez y L\u00f3pez, catedr\u00e1tico de Derecho Civil de la Universidad de Sevilla y Mar\u00eda del Carmen Gete-Alonso y Calera, catedr\u00e1tica de Derecho Civil de la Universidad Aut\u00f3noma de Barcelona.\" src=\"https:\/\/www.upo.es\/diario\/wp-content\/uploads\/2013\/07\/homrosvalpuesta-320x214.jpg\" width=\"320\" height=\"214\" srcset=\"https:\/\/www.upo.es\/diario\/wp-content\/uploads\/2013\/07\/homrosvalpuesta-320x214.jpg 320w, https:\/\/www.upo.es\/diario\/wp-content\/uploads\/2013\/07\/homrosvalpuesta-1024x685.jpg 1024w, https:\/\/www.upo.es\/diario\/wp-content\/uploads\/2013\/07\/homrosvalpuesta-600x401.jpg 600w, https:\/\/www.upo.es\/diario\/wp-content\/uploads\/2013\/07\/homrosvalpuesta.jpg 1549w\" sizes=\"auto, (max-width: 320px) 100vw, 320px\" \/><\/a><figcaption id=\"caption-attachment-1174594\" class=\"wp-caption-text\">El homenaje ha sido promovido por el \u00c1rea de Derecho Civil de la UPO, al que pertenec\u00eda la primera rectora de la Universidad<\/figcaption><\/figure>\n<p>El rector de la Universidad Pablo de Olavide, Vicente Guzm\u00e1n Fluja, presidi\u00f3 el viernes \u00a0en Carmona un acto de homenaje acad\u00e9mico a la profesora Rosario Valpuesta Fern\u00e1ndez, un evento al que asistieron un centenar de personas y que ha sido promovido por el \u00c1rea de Derecho Civil de la Universidad Pablo de Olavide, al que pertenec\u00eda la primera rectora de la UPO.<\/p>\n<p>En el trancurso del acto, el rector estuvo acompa\u00f1ado por Juan \u00c1vila Guti\u00e9rrez, alcalde presidente del Ayuntamiento de Carmona; \u00c1ngel L\u00f3pez y L\u00f3pez, catedr\u00e1tico de Derecho Civil de la Universidad de Sevilla; Teodora Torres Garc\u00eda, catedr\u00e1tica de Derecho Civil de la Universidad de Valladolid y Mar\u00eda del Carmen Gete-Alonso y Calera, catedr\u00e1tica de Derecho Civil de la Universidad Aut\u00f3noma de Barcelona.<\/p>\n<p>En el mismo, tambi\u00e9n estuvieron presentes F\u00e1tima Valpuesta, hija de la profesora Valpuesta, as\u00ed como otros familiares, autoridades, profesores, disc\u00edpulos y conocidos de la catedr\u00e1tica de Derecho Civil.<\/p>\n<p>Durante el homenaje, Vicente Guzm\u00e1n afirm\u00f3 que la Universidad Pablo de Olavide es y ser\u00e1 siempre lo que Rosario Valpuesta quiso que fuera, puesto que hizo una Universidad transformadora de su entorno y apegada a las personas. \u201cCuando nadie quer\u00eda salir fuera, ella trajo la UPO a Carmona. Adem\u00e1s, la residencia Flora Trist\u00e1n es el paradigma, pues fue idea de ella ponerla al lado de Las Vegas, una de las zonas m\u00e1s peligrosas de Sevilla. Pero gracias a esta acertada decisi\u00f3n, se han transformado muchas vidas y un barrio. Y seguiremos haci\u00e9ndolo\u201d, ha declarado el rector.<\/p>\n<p>Adem\u00e1s, hizo hincapi\u00e9 en la defensa decidida que Valpuesta hac\u00eda de la universidad p\u00fablica: \u201cAunque hoy en d\u00eda necesitamos su dial\u00e9ctica y su palabra para defender la universidad p\u00fablica en un momento especialmente peligroso, tenemos su ideario para seguirlo. Pero la lucha con las palabras y la inteligencia es el \u00fanico camino que debemos seguir para defenderla, igual que lo hac\u00eda ella\u201d, seg\u00fan Vicente Guzm\u00e1n.<\/p>\n<p>Por su parte, F\u00e1tima Valpuesta asegur\u00f3 que su madre era \u00fanica e irrepetible, y que siempre ha ense\u00f1ado a sus hijos la necesidad de esforzarse y superarse desde la honestidad y la generosidad. Al mismo tiempo, ha mostrado su agradecimiento por este \u201chomenaje cargado de sentimientos y cari\u00f1o, que nos hace sentirnos inmensamente satisfechos\u201d, al tiempo que ha subrayado la profunda amistad que Rosario Valpuesta manten\u00eda con el catedr\u00e1tico \u00c1ngel L\u00f3pez, al que consideraba su maestro.<\/p>\n<p>A este respecto, \u00c1ngel L\u00f3pez sostuvo que la vida de la profesora Valpuesta ha sido una gesta, pero que le resulta muy dif\u00edcil pensar \u201cque ya no est\u00e1 con nosotros ese cuerpo fr\u00e1gil y menudo, de coraz\u00f3n y mente luminosa\u201d. Asimismo, el catedr\u00e1tico ha subrayado dos cualidades de la primera rectora de la UPO: \u201cSu preferencia por los m\u00e1s pobres y su risa transparente ante todas las situaciones\u201d.<\/p>\n<p>Por otro lado, el alcalde de Carmona declar\u00f3 en el transcurso del acto de homenaje que la ciudad es una referencia internacional en el mundo universitario gracias al proyecto de Olavide en Carmona, que implant\u00f3 Rosario Valpuesta \u201cy que ha supuesto un antes y un despu\u00e9s en la ciudad. Todos los homenajes son merecidos, pero el mejor que podr\u00edamos hacerle es procurar que este proyecto se ampl\u00ede, algo de lo que estoy plenamente convencido\u201d, ha concluido.<\/p>\n","protected":false},"excerpt":{"rendered":"<p>El rector de la Universidad Pablo de Olavide, Vicente Guzm\u00e1n Fluja, presidi\u00f3 el viernes  en Carmona un acto de homenaje acad\u00e9mico a la profesora Rosario Valpuesta Fern\u00e1ndez, un evento al que asistieron un centenar de personas y que ha sido promovido por el \u00c1rea de Derecho Civil de la Universidad Pablo de Olavide, al que pertenec\u00eda la primera rectora de la UPO.<\/p>\n","protected":false},"author":4,"featured_media":0,"comment_status":"closed","ping_status":"open","sticky":false,"template":"","format":"standard","meta":{"_monsterinsights_skip_tracking":false,"_monsterinsights_sitenote_active":false,"_monsterinsights_sitenote_note":"","_monsterinsights_sitenote_category":0,"footnotes":""},"categories":[6],"tags":[23,764,308,38,536],"class_list":["post-1145631","post","type-post","status-publish","format-standard","hentry","category-institucional","tag-carmona","tag-derecho-civil","tag-homenaje","tag-rector","tag-rosario-valpuesta"],"_links":{"self":[{"href":"https:\/\/www.upo.es\/diario\/wp-json\/wp\/v2\/posts\/1145631","targetHints":{"allow":["GET"]}}],"collection":[{"href":"https:\/\/www.upo.es\/diario\/wp-json\/wp\/v2\/posts"}],"about":[{"href":"https:\/\/www.upo.es\/diario\/wp-json\/wp\/v2\/types\/post"}],"author":[{"embeddable":true,"href":"https:\/\/www.upo.es\/diario\/wp-json\/wp\/v2\/users\/4"}],"replies":[{"embeddable":true,"href":"https:\/\/www.upo.es\/diario\/wp-json\/wp\/v2\/comments?post=1145631"}],"version-history":[{"count":7,"href":"https:\/\/www.upo.es\/diario\/wp-json\/wp\/v2\/posts\/1145631\/revisions"}],"predecessor-version":[{"id":1161343,"href":"https:\/\/www.upo.es\/diario\/wp-json\/wp\/v2\/posts\/1145631\/revisions\/1161343"}],"wp:attachment":[{"href":"https:\/\/www.upo.es\/diario\/wp-json\/wp\/v2\/media?parent=1145631"}],"wp:term":[{"taxonomy":"category","embeddable":true,"href":"https:\/\/www.upo.es\/diario\/wp-json\/wp\/v2\/categories?post=1145631"},{"taxonomy":"post_tag","embeddable":true,"href":"https:\/\/www.upo.es\/diario\/wp-json\/wp\/v2\/tags?post=1145631"}],"curies":[{"name":"wp","href":"https:\/\/api.w.org\/{rel}","templated":true}]}}