{"id":1162577,"date":"2013-07-08T11:55:11","date_gmt":"2013-07-08T11:55:11","guid":{"rendered":"https:\/\/www.upo.es\/diario\/?p=1162577"},"modified":"2013-07-08T11:55:11","modified_gmt":"2013-07-08T11:55:11","slug":"inaugurada-en-carmona-la-segunda-semana-de-los-cursos-de-verano-de-olavide-en-carmona","status":"publish","type":"post","link":"https:\/\/www.upo.es\/diario\/institucional\/2013\/07\/inaugurada-en-carmona-la-segunda-semana-de-los-cursos-de-verano-de-olavide-en-carmona\/","title":{"rendered":"Inaugurada en Carmona la segunda semana de los Cursos de Verano de Olavide en Carmona"},"content":{"rendered":"<figure id=\"attachment_1162578\" aria-describedby=\"caption-attachment-1162578\" style=\"width: 320px\" class=\"wp-caption alignright\"><a href=\"https:\/\/www.upo.es\/diario\/wp-content\/uploads\/2013\/07\/Inauguracion_CV_segundasemana.jpg\"><img loading=\"lazy\" decoding=\"async\" class=\"size-medium wp-image-1162578\" alt=\"De izquierda a derecha, Javier Al\u00e9s, Rafael Rodr\u00edguez, Miguel \u00c1ngel Gual, Manuel Ricardo Torres y Sandra de Soto\" src=\"https:\/\/www.upo.es\/diario\/wp-content\/uploads\/2013\/07\/Inauguracion_CV_segundasemana-320x214.jpg\" width=\"320\" height=\"214\" srcset=\"https:\/\/www.upo.es\/diario\/wp-content\/uploads\/2013\/07\/Inauguracion_CV_segundasemana-320x214.jpg 320w, https:\/\/www.upo.es\/diario\/wp-content\/uploads\/2013\/07\/Inauguracion_CV_segundasemana-1024x685.jpg 1024w, https:\/\/www.upo.es\/diario\/wp-content\/uploads\/2013\/07\/Inauguracion_CV_segundasemana-600x401.jpg 600w, https:\/\/www.upo.es\/diario\/wp-content\/uploads\/2013\/07\/Inauguracion_CV_segundasemana.jpg 1549w\" sizes=\"auto, (max-width: 320px) 100vw, 320px\" \/><\/a><figcaption id=\"caption-attachment-1162578\" class=\"wp-caption-text\">De izquierda a derecha, Javier Al\u00e9s, Rafael Rodr\u00edguez, Miguel \u00c1ngel Gual, Manuel Ricardo Torres y Sandra de Soto<\/figcaption><\/figure>\n<p>El vicerrector de Postgrado, Formaci\u00f3n Permanente y Empleo de la Universidad Pablo de Olavide, Miguel \u00c1ngel Gual Font y el delegado de Cultura y de Patrimonio Hist\u00f3rico y Turismo del Ayuntamiento de Carmona, Ram\u00f3n Gavira Gord\u00f3n han presidido hoy el acto oficial de inauguraci\u00f3n de la segunda semana de los Cursos de Verano de la UPO en Carmona. Concretamente, este lunes han comenzado en la sede \u2018Olavide en Carmona\u2019 los seminarios \u2018Periodismo, nuevas alternativas\u2019; \u2018VIII Curso internacional sobre terrorismo yihadista: Violencia y cambio pol\u00edtico en el mundo arabo-musulm\u00e1n\u2019; \u2018XI Taller pr\u00e1ctico: La magia de la mediaci\u00f3n\u2019 y \u2018Terapias ecuestres: Fundamentos te\u00f3ricos, cient\u00edficos y pr\u00e1cticos de las intervenciones terap\u00e9uticas asistidas por el caballo\u2019.<\/p>\n<p>El vicerrector tambi\u00e9n ha estado acompa\u00f1ado por Rafael Rodr\u00edguez Guerrero, presidente de la Asociaci\u00f3n de la Prensa de Sevilla y coordinadora del curso \u2018Periodismo, nuevas alternativas\u2019; Manuel Ricardo Torres Soriano, del Departamento de Derecho P\u00fablico de la Universidad Pablo de Olavide y coordinador del \u2018VIII Curso internacional sobre terrorismo yihadista: Violencia y cambio pol\u00edtico en el mundo arabo-musulm\u00e1n\u2019; Javier Al\u00e9s Sioli, del Departamento de Derecho P\u00fablico de la UPO y coordinador del \u2018XI Taller pr\u00e1ctico: La magia de la mediaci\u00f3n\u2019 y Sandra de Soto Galv\u00e1n, directora de la Fundaci\u00f3n para el Desarrollo de las Terapias Ecuestres y coordinadora del curso \u2018Terapias ecuestres: Fundamentos te\u00f3ricos, cient\u00edficos y pr\u00e1cticos de las intervenciones terap\u00e9uticas asistidas por el caballo\u2019.<\/p>\n<p>Miguel \u00c1ngel Gual ha asegurado durante su intervenci\u00f3n que esta semana se combinan cursos de verano de gran tradici\u00f3n, como los de mediaci\u00f3n, terrorismo y terapias ecuestres, junto a otros seminarios, como el de periodismo \u201cuna apuesta de Rosario Valpuesta, que estuvo muy vinculada a los medios de comunicaci\u00f3n, colaborando en varios de ellos, y del que esperamos que se desarrolle durante muchas ediciones\u201d. Asimismo, ha agradecido el apoyo de instituciones como la Diputaci\u00f3n de Sevilla y el Ayuntamiento de Carmona, as\u00ed como otros colaboradores, sin cuyo esfuerzo ser\u00eda imposible la realizaci\u00f3n de los cursos.<\/p>\n<p>Asimismo, el vicerrector de Postgrado ha manifestado que los cursos de verano de este a\u00f1o ofertan una tem\u00e1tica muy interesante y novedosa, al tiempo que ha resaltado el esfuerzo realizado para poner en marcha los 48 cursos de verano, sobre todo en estos momentos de contracci\u00f3n y dificultades de las Universidades p\u00fablicas.<\/p>\n<p>Por su parte, Ram\u00f3n Gavira ha manifestado que consolidar durante 11 a\u00f1os un proyecto de esta envergadura \u201cque mueve a cientos de alumnos y docenas de profesores y expertos, para tratar con rigor cient\u00edfico multitud de campos de conocimientos diferentes, no ha sido tarea f\u00e1cil. Por eso, precisamente, ponemos nuestra energ\u00eda, esfuerzo y capacidad institucional de colaboraci\u00f3n al servicio de una iniciativa de esta envergadura\u201d.<\/p>\n<p>Por \u00faltimo, el delegado de Cultura ha resaltado la alianza entre la UPO y el Ayuntamiento de Carmona, \u201cya muy consolidada en el tiempo e inspirada por un objetivo com\u00fan: Una oferta acad\u00e9mica y cultural de alto nivel, trabajada desde el rigor profesional y desde el compromiso de la calidad\u201d.<\/p>\n","protected":false},"excerpt":{"rendered":"<p>El vicerrector de Postgrado, Formaci\u00f3n Permanente y Empleo de la Universidad Pablo de Olavide, Miguel \u00c1ngel Gual Font y el delegado de Cultura y de Patrimonio Hist\u00f3rico y Turismo del Ayuntamiento de Carmona, Ram\u00f3n Gavira Gord\u00f3n han presidido hoy el acto oficial de inauguraci\u00f3n de la segunda semana de los Cursos de Verano de la UPO en Carmona. Concretamente, este<a class=\"read-more\" href=\"https:\/\/www.upo.es\/diario\/institucional\/2013\/07\/inaugurada-en-carmona-la-segunda-semana-de-los-cursos-de-verano-de-olavide-en-carmona\/\">[Read More&#8230;]<\/a><\/p>\n","protected":false},"author":6,"featured_media":0,"comment_status":"closed","ping_status":"open","sticky":false,"template":"","format":"standard","meta":{"_monsterinsights_skip_tracking":false,"_monsterinsights_sitenote_active":false,"_monsterinsights_sitenote_note":"","_monsterinsights_sitenote_category":0,"footnotes":""},"categories":[6],"tags":[23,141,22,519,687,82,78],"class_list":["post-1162577","post","type-post","status-publish","format-standard","hentry","category-institucional","tag-carmona","tag-curso","tag-cursos-de-verano","tag-olavide-en-carmona","tag-periodismo","tag-postgrado","tag-seminario"],"_links":{"self":[{"href":"https:\/\/www.upo.es\/diario\/wp-json\/wp\/v2\/posts\/1162577","targetHints":{"allow":["GET"]}}],"collection":[{"href":"https:\/\/www.upo.es\/diario\/wp-json\/wp\/v2\/posts"}],"about":[{"href":"https:\/\/www.upo.es\/diario\/wp-json\/wp\/v2\/types\/post"}],"author":[{"embeddable":true,"href":"https:\/\/www.upo.es\/diario\/wp-json\/wp\/v2\/users\/6"}],"replies":[{"embeddable":true,"href":"https:\/\/www.upo.es\/diario\/wp-json\/wp\/v2\/comments?post=1162577"}],"version-history":[{"count":1,"href":"https:\/\/www.upo.es\/diario\/wp-json\/wp\/v2\/posts\/1162577\/revisions"}],"predecessor-version":[{"id":1162579,"href":"https:\/\/www.upo.es\/diario\/wp-json\/wp\/v2\/posts\/1162577\/revisions\/1162579"}],"wp:attachment":[{"href":"https:\/\/www.upo.es\/diario\/wp-json\/wp\/v2\/media?parent=1162577"}],"wp:term":[{"taxonomy":"category","embeddable":true,"href":"https:\/\/www.upo.es\/diario\/wp-json\/wp\/v2\/categories?post=1162577"},{"taxonomy":"post_tag","embeddable":true,"href":"https:\/\/www.upo.es\/diario\/wp-json\/wp\/v2\/tags?post=1162577"}],"curies":[{"name":"wp","href":"https:\/\/api.w.org\/{rel}","templated":true}]}}