{"id":1162581,"date":"2013-07-08T12:24:56","date_gmt":"2013-07-08T12:24:56","guid":{"rendered":"https:\/\/www.upo.es\/diario\/?p=1162581"},"modified":"2013-07-08T12:24:56","modified_gmt":"2013-07-08T12:24:56","slug":"la-upo-y-la-federacion-de-industriales-y-comerciantes-de-alcala-de-guadaira-firman-un-acuerdo-de-colaboracion","status":"publish","type":"post","link":"https:\/\/www.upo.es\/diario\/institucional\/2013\/07\/la-upo-y-la-federacion-de-industriales-y-comerciantes-de-alcala-de-guadaira-firman-un-acuerdo-de-colaboracion\/","title":{"rendered":"La UPO y la Federaci\u00f3n de Industriales y Comerciantes de Alcal\u00e1 de Guada\u00edra firman un acuerdo de colaboraci\u00f3n"},"content":{"rendered":"<figure id=\"attachment_1162583\" aria-describedby=\"caption-attachment-1162583\" style=\"width: 320px\" class=\"wp-caption alignright\"><a href=\"https:\/\/www.upo.es\/diario\/wp-content\/uploads\/2013\/07\/conve_fica.jpg\"><img loading=\"lazy\" decoding=\"async\" class=\"size-medium wp-image-1162583\" alt=\"El rector del la UPO, Vicente Guzm\u00e1n, y el presidente de FICA, Carlos Garc\u00eda Gandul, han suscrito hoy este convenio \" src=\"https:\/\/www.upo.es\/diario\/wp-content\/uploads\/2013\/07\/conve_fica-320x213.jpg\" width=\"320\" height=\"213\" srcset=\"https:\/\/www.upo.es\/diario\/wp-content\/uploads\/2013\/07\/conve_fica-320x213.jpg 320w, https:\/\/www.upo.es\/diario\/wp-content\/uploads\/2013\/07\/conve_fica-1024x682.jpg 1024w, https:\/\/www.upo.es\/diario\/wp-content\/uploads\/2013\/07\/conve_fica-600x400.jpg 600w\" sizes=\"auto, (max-width: 320px) 100vw, 320px\" \/><\/a><figcaption id=\"caption-attachment-1162583\" class=\"wp-caption-text\">El rector del la UPO, Vicente Guzm\u00e1n, y el presidente de FICA, Carlos Garc\u00eda Gandul<\/figcaption><\/figure>\n<p>El rector de la Universidad Pablo de Olavide, Vicente Guzm\u00e1n Fluja, y el presidente de la Federaci\u00f3n de Industriales y Comerciantes de Alcal\u00e1 de Guada\u00edra, Carlos Garc\u00eda Gandul, han suscrito este mediod\u00eda un protocolo general de colaboraci\u00f3n con el fin de establecer un marco jur\u00eddico e institucional adecuado para impulsar la celebraci\u00f3n de actividades formativas de tipo econ\u00f3mico, cient\u00edfico, t\u00e9cnico y de investigaci\u00f3n en materias de inter\u00e9s com\u00fan.<\/p>\n<p>En virtud de este acuerdo general de colaboraci\u00f3n, se desarrollar\u00e1n proyectos y actividades conjuntas entre ambas instituciones en el \u00e1rea formativa y de investigaci\u00f3n, as\u00ed como en actividades pr\u00e1cticas dirigidas a los estudiantes universitarios.<\/p>\n<p>Tanto el rector de la Universidad Pablo de Olavide como el presidente de la <a href=\"http:\/\/www.ficaalcala.com\/info\/quienes_somos\">Federaci\u00f3n de Industriales y Comerciantes de Alcal\u00e1 de Guada\u00edra<\/a> han subrayado que con este protocolo general de colaboraci\u00f3n se inicia un proceso de colaboraci\u00f3n mutua, en el que la UPO pueda contribuir a la mejora del tejido empresarial alcalare\u00f1o y en el que esta federaci\u00f3n pueda enriquecer los servicios que presta esta universidad.<\/p>\n","protected":false},"excerpt":{"rendered":"<p>El rector de la Universidad Pablo de Olavide, Vicente Guzm\u00e1n Fluja, y el presidente de la Federaci\u00f3n de Industriales y Comerciantes de Alcal\u00e1 de Guada\u00edra, Carlos Garc\u00eda Gandul, han suscrito este mediod\u00eda un protocolo general de colaboraci\u00f3n con el fin de establecer un marco jur\u00eddico e institucional adecuado para impulsar la celebraci\u00f3n de actividades formativas de tipo econ\u00f3mico, cient\u00edfico, t\u00e9cnico y de investigaci\u00f3n en materias de inter\u00e9s com\u00fan. <\/p>\n","protected":false},"author":6,"featured_media":0,"comment_status":"closed","ping_status":"open","sticky":false,"template":"","format":"standard","meta":{"_monsterinsights_skip_tracking":false,"_monsterinsights_sitenote_active":false,"_monsterinsights_sitenote_note":"","_monsterinsights_sitenote_category":0,"footnotes":""},"categories":[6],"tags":[767,326,66,38,106],"class_list":["post-1162581","post","type-post","status-publish","format-standard","hentry","category-institucional","tag-alcala-de-guadaira","tag-convenio","tag-empresa","tag-rector","tag-vicente-c-guzman"],"_links":{"self":[{"href":"https:\/\/www.upo.es\/diario\/wp-json\/wp\/v2\/posts\/1162581","targetHints":{"allow":["GET"]}}],"collection":[{"href":"https:\/\/www.upo.es\/diario\/wp-json\/wp\/v2\/posts"}],"about":[{"href":"https:\/\/www.upo.es\/diario\/wp-json\/wp\/v2\/types\/post"}],"author":[{"embeddable":true,"href":"https:\/\/www.upo.es\/diario\/wp-json\/wp\/v2\/users\/6"}],"replies":[{"embeddable":true,"href":"https:\/\/www.upo.es\/diario\/wp-json\/wp\/v2\/comments?post=1162581"}],"version-history":[{"count":1,"href":"https:\/\/www.upo.es\/diario\/wp-json\/wp\/v2\/posts\/1162581\/revisions"}],"predecessor-version":[{"id":1162585,"href":"https:\/\/www.upo.es\/diario\/wp-json\/wp\/v2\/posts\/1162581\/revisions\/1162585"}],"wp:attachment":[{"href":"https:\/\/www.upo.es\/diario\/wp-json\/wp\/v2\/media?parent=1162581"}],"wp:term":[{"taxonomy":"category","embeddable":true,"href":"https:\/\/www.upo.es\/diario\/wp-json\/wp\/v2\/categories?post=1162581"},{"taxonomy":"post_tag","embeddable":true,"href":"https:\/\/www.upo.es\/diario\/wp-json\/wp\/v2\/tags?post=1162581"}],"curies":[{"name":"wp","href":"https:\/\/api.w.org\/{rel}","templated":true}]}}