{"id":1167444,"date":"2013-07-08T18:59:27","date_gmt":"2013-07-08T18:59:27","guid":{"rendered":"https:\/\/www.upo.es\/diario\/?p=1167444"},"modified":"2013-07-09T07:28:19","modified_gmt":"2013-07-09T07:28:19","slug":"las-carencias-eticas-del-periodismo-provienen-de-las-personas-que-no-son-periodistas-y-ejercen-como-tales","status":"publish","type":"post","link":"https:\/\/www.upo.es\/diario\/cursos-verano\/2013\/07\/las-carencias-eticas-del-periodismo-provienen-de-las-personas-que-no-son-periodistas-y-ejercen-como-tales\/","title":{"rendered":"\u201cLas carencias \u00e9ticas del periodismo provienen de las personas que no son periodistas y ejercen como tales\u201d"},"content":{"rendered":"<figure id=\"attachment_1167445\" aria-describedby=\"caption-attachment-1167445\" style=\"width: 320px\" class=\"wp-caption alignright\"><a href=\"https:\/\/www.upo.es\/diario\/wp-content\/uploads\/2013\/07\/Manuel-N\u00fa\u00f1ez-Encabo.jpg\"><img loading=\"lazy\" decoding=\"async\" class=\"size-medium wp-image-1167445\" alt=\"De izq. a dcha: Rafael Rodr\u00edguez Guerrero, presidente de la Asociaci\u00f3n de la Prensa de Sevilla y Manuel N\u00fa\u00f1ez-Encabo, presidente de la Comisi\u00f3n de Arbitraje, Quejas y Deontolog\u00eda del Periodismo de la FAPE.\" src=\"https:\/\/www.upo.es\/diario\/wp-content\/uploads\/2013\/07\/Manuel-N\u00fa\u00f1ez-Encabo-320x214.jpg\" width=\"320\" height=\"214\" srcset=\"https:\/\/www.upo.es\/diario\/wp-content\/uploads\/2013\/07\/Manuel-N\u00fa\u00f1ez-Encabo-320x214.jpg 320w, https:\/\/www.upo.es\/diario\/wp-content\/uploads\/2013\/07\/Manuel-N\u00fa\u00f1ez-Encabo-1024x685.jpg 1024w, https:\/\/www.upo.es\/diario\/wp-content\/uploads\/2013\/07\/Manuel-N\u00fa\u00f1ez-Encabo-600x401.jpg 600w, https:\/\/www.upo.es\/diario\/wp-content\/uploads\/2013\/07\/Manuel-N\u00fa\u00f1ez-Encabo.jpg 1549w\" sizes=\"auto, (max-width: 320px) 100vw, 320px\" \/><\/a><figcaption id=\"caption-attachment-1167445\" class=\"wp-caption-text\">De izq. a dcha: Rafael Rodr\u00edguez Guerrero, presidente de la Asociaci\u00f3n de la Prensa de Sevilla y Manuel N\u00fa\u00f1ez-Encabo, presidente de la Comisi\u00f3n de Arbitraje, Quejas y Deontolog\u00eda del Periodismo de la FAPE.<\/figcaption><\/figure>\n<p style=\"text-align: justify;\">El catedr\u00e1tico de Ciencias de la Informaci\u00f3n y presidente de la Comisi\u00f3n de Arbitraje, Quejas y Deontolog\u00eda del Periodismo de la FAPE (Federaci\u00f3n de Asociaciones de Periodistas de Espa\u00f1a), Manuel N\u00fa\u00f1ez-Encabo, ha asegurado hoy que las carencias \u00e9ticas del periodismo actual provienen, fundamentalmente, de las personas que no son periodistas y ejercen como tales, careciendo por tanto de la formaci\u00f3n adecuada. Desde su punto de vista, esto supone un grave defecto y una falta de responsabilidad por parte de los medios de comunicaci\u00f3n. Este hecho puede crear a los ciudadanos un desconocimiento err\u00f3neo de la realidad, en relaci\u00f3n con los temas de inter\u00e9s p\u00fablico.<\/p>\n<p style=\"text-align: justify;\">N\u00fa\u00f1ez-Encabo ha participado en el curso de verano \u201cPeriodismo, nuevas alternativas\u201d, que ha comenzado hoy en la sede de la Universidad Pablo de Olavide en Carmona, en el que ha impartido la ponencia \u201cLa \u00e9tica period\u00edstica, \u00bfen crisis?\u201d.<\/p>\n<p style=\"text-align: justify;\">Con respecto al tema de las tertulias que se emiten en determinados espacios, donde los informadores se posicionan claramente a favor de un partido pol\u00edtico o de otro, el catedr\u00e1tico opina que no es necesario que en los mismos participen s\u00f3lo periodistas, pero s\u00ed es absolutamente indispensable que sea dirigida por un periodista. \u201cEn este caso, el periodista que dirige la tertulia no ejerce su funci\u00f3n debidamente, con lo cual, muchas tertulias son, sencillamente, emisiones publicitarias de determinados partidos pol\u00edticos. Por lo tanto, existe una contaminaci\u00f3n pol\u00edtica que hace que desaparezca la \u00e9tica\u201d, atestigua.<\/p>\n<p style=\"text-align: justify;\">De esta manera, seg\u00fan ha declarado, periodistas o contertulios que est\u00e9n relacionados con los partidos pol\u00edticos, por definici\u00f3n, no podr\u00edan ejercer el periodismo, puesto que hay una contaminaci\u00f3n de origen y unos intereses partidistas que est\u00e1n por encima de los intereses de los ciudadanos. \u201cEl periodista y el medio de comunicaci\u00f3n tienen que deberse a los ciudadanos que, de acuerdo al art\u00edculo 20 de la Constituci\u00f3n, deben recibir informaciones veraces y respetuosas con los derechos fundamentales de la persona. Lo contrario es adulterar el periodismo\u201d, se\u00f1ala.<\/p>\n<p style=\"text-align: justify;\">Estos hechos pueden generar desconfianza por parte de los ciudadanos hacia la profesi\u00f3n, puesto que el periodista ejerce al mismo tiempo una funci\u00f3n de pol\u00edtico. \u201cAnte esa cuesti\u00f3n, los medios de comunicaci\u00f3n y los periodistas deben pensar en la autorregulaci\u00f3n, que es lo que nosotros desde la Comisi\u00f3n de Arbitraje, Quejas y Deontolog\u00eda del Periodismo hacemos. Se trata de un nuevo \u00f3rgano para que los ciudadanos puedan acudir a nuestra comisi\u00f3n, quejarse y en un mes y medio les ofrecemos una soluci\u00f3n cuando un medio vulnere los principios de un c\u00f3digo deontol\u00f3gico\u201d, manifiesta.<\/p>\n<p style=\"text-align: justify;\">La Comisi\u00f3n de Arbitraje de la FAPE tiene como misi\u00f3n resolver los problemas en relaci\u00f3n con los contenidos que vulneran los derechos fundamentales. En la actualidad, se han adherido m\u00e1s de 40 medios, entre ellos el Grupo PRISA, el Grupo Unidad Editorial y m\u00faltiples televisiones que existen en Espa\u00f1a, puesto que es una garant\u00eda de prestigio para el medio de comunicaci\u00f3n y para el periodista. \u201cAunque no se ha adherido Vocento, estamos intentando que lo haga, porque exige al medio adherido que tenga un cuidado exquisito en relaci\u00f3n con la responsabilidad \u00e9tica de sus contenidos\u201d, ha concluido Manuel N\u00fa\u00f1ez-Encabo.<\/p>\n","protected":false},"excerpt":{"rendered":"<p>El catedr\u00e1tico de Ciencias de la Informaci\u00f3n y presidente de la Comisi\u00f3n de Arbitraje, Quejas y Deontolog\u00eda del Periodismo de la FAPE (Federaci\u00f3n de Asociaciones de Periodistas de Espa\u00f1a), Manuel N\u00fa\u00f1ez-Encabo, ha asegurado hoy que las carencias \u00e9ticas del periodismo actual provienen, fundamentalmente, de las personas que no son periodistas y ejercen como tales, careciendo por tanto de la formaci\u00f3n adecuada. Desde su punto de vista, esto supone un grave defecto y una falta de responsabilidad por parte de los medios de comunicaci\u00f3n. Este hecho puede crear a los ciudadanos un desconocimiento err\u00f3neo de la realidad, en relaci\u00f3n con los temas de inter\u00e9s p\u00fablico.<\/p>\n","protected":false},"author":4,"featured_media":1167446,"comment_status":"closed","ping_status":"open","sticky":false,"template":"","format":"standard","meta":{"_monsterinsights_skip_tracking":false,"_monsterinsights_sitenote_active":false,"_monsterinsights_sitenote_note":"","_monsterinsights_sitenote_category":0,"footnotes":""},"categories":[729],"tags":[629,519,687,768],"class_list":["post-1167444","post","type-post","status-publish","format-standard","has-post-thumbnail","hentry","category-cursos-verano","tag-arbitraje","tag-olavide-en-carmona","tag-periodismo","tag-prensa"],"_links":{"self":[{"href":"https:\/\/www.upo.es\/diario\/wp-json\/wp\/v2\/posts\/1167444","targetHints":{"allow":["GET"]}}],"collection":[{"href":"https:\/\/www.upo.es\/diario\/wp-json\/wp\/v2\/posts"}],"about":[{"href":"https:\/\/www.upo.es\/diario\/wp-json\/wp\/v2\/types\/post"}],"author":[{"embeddable":true,"href":"https:\/\/www.upo.es\/diario\/wp-json\/wp\/v2\/users\/4"}],"replies":[{"embeddable":true,"href":"https:\/\/www.upo.es\/diario\/wp-json\/wp\/v2\/comments?post=1167444"}],"version-history":[{"count":1,"href":"https:\/\/www.upo.es\/diario\/wp-json\/wp\/v2\/posts\/1167444\/revisions"}],"predecessor-version":[{"id":1167447,"href":"https:\/\/www.upo.es\/diario\/wp-json\/wp\/v2\/posts\/1167444\/revisions\/1167447"}],"wp:featuredmedia":[{"embeddable":true,"href":"https:\/\/www.upo.es\/diario\/wp-json\/wp\/v2\/media\/1167446"}],"wp:attachment":[{"href":"https:\/\/www.upo.es\/diario\/wp-json\/wp\/v2\/media?parent=1167444"}],"wp:term":[{"taxonomy":"category","embeddable":true,"href":"https:\/\/www.upo.es\/diario\/wp-json\/wp\/v2\/categories?post=1167444"},{"taxonomy":"post_tag","embeddable":true,"href":"https:\/\/www.upo.es\/diario\/wp-json\/wp\/v2\/tags?post=1167444"}],"curies":[{"name":"wp","href":"https:\/\/api.w.org\/{rel}","templated":true}]}}