{"id":1168670,"date":"2013-07-09T02:50:14","date_gmt":"2013-07-09T02:50:14","guid":{"rendered":"https:\/\/www.upo.es\/diario\/?p=1168670"},"modified":"2013-07-10T11:25:35","modified_gmt":"2013-07-10T11:25:35","slug":"mas-de-250-jovenes-investigadores-debatiran-sobre-el-futuro-de-la-biotecnologia-a-partir-de-manana-en-bac-2013","status":"publish","type":"post","link":"https:\/\/www.upo.es\/diario\/institucional\/2013\/07\/mas-de-250-jovenes-investigadores-debatiran-sobre-el-futuro-de-la-biotecnologia-a-partir-de-manana-en-bac-2013\/","title":{"rendered":"M\u00e1s de 250 j\u00f3venes investigadores debatir\u00e1n sobre el futuro de la biotecnolog\u00eda a partir de ma\u00f1ana en BAC 2013"},"content":{"rendered":"<figure id=\"attachment_1127895\" aria-describedby=\"caption-attachment-1127895\" style=\"width: 320px\" class=\"wp-caption alignright\"><a href=\"https:\/\/www.upo.es\/diario\/wp-content\/uploads\/2013\/07\/bac2013.png\"><img loading=\"lazy\" decoding=\"async\" class=\"size-medium wp-image-1127895\" alt=\"Biotech Annual Congress (BAC 2013)\" src=\"https:\/\/www.upo.es\/diario\/wp-content\/uploads\/2013\/07\/bac2013-320x219.png\" width=\"320\" height=\"219\" srcset=\"https:\/\/www.upo.es\/diario\/wp-content\/uploads\/2013\/07\/bac2013-320x219.png 320w, https:\/\/www.upo.es\/diario\/wp-content\/uploads\/2013\/07\/bac2013-600x410.png 600w, https:\/\/www.upo.es\/diario\/wp-content\/uploads\/2013\/07\/bac2013.png 838w\" sizes=\"auto, (max-width: 320px) 100vw, 320px\" \/><\/a><figcaption id=\"caption-attachment-1127895\" class=\"wp-caption-text\">El congreso ser\u00e1 clausurado por el profesor Jack Szostak, Premio Nobel de Medicina y Fisiolog\u00eda<\/figcaption><\/figure>\n<p>Ma\u00f1ana mi\u00e9rcoles, a las 10 horas en el Paraninfo de la Universidad Pablo de Olavide de Sevilla, se inaugurar\u00e1 el s\u00e9ptimo congreso de la Federaci\u00f3n Espa\u00f1ola de Biotecn\u00f3logos (FEBiotec), <b><i><a href=\"http:\/\/www.bac2013.es\/\">Biotech Annual Congress (BAC 2013)<\/a><\/i><\/b>. Este simposio, en el que participar\u00e1n m\u00e1s de trescientos j\u00f3venes investigadores, tiene como objetivo debatir sobre el futuro de la biotecnolog\u00eda en Espa\u00f1a y en la Uni\u00f3n Europea. En el <b>acto inaugural<\/b> estar\u00e1n presentes Vicente Guzm\u00e1n, rector de la Universidad Pablo de Olavide; Eva Mar\u00eda V\u00e1zquez S\u00e1nchez, Directora General de Investigaci\u00f3n, Tecnolog\u00eda y Empresa de la Consejer\u00eda de Econom\u00eda, Innovaci\u00f3n, Ciencia y Empleo de la Junta de Andaluc\u00eda; Antonio Gallardo, decano de la Facultad de Ciencias Experimentales de la UPO; Arturo Bl\u00e1zquez, presidente de la Federaci\u00f3n Espa\u00f1ola de Biotecn\u00f3logos; Daniel S\u00e1nchez, presidente de la Asociaci\u00f3n de Biotecn\u00f3logos de Andaluc\u00eda, y Mar\u00eda Jos\u00e9 Conde, coordinadora general de BAC2013.<\/p>\n<p>La primera jornada abordar\u00e1 el nuevo cambio de paradigma que supone la <b>biotecnolog\u00eda<\/b> en investigaci\u00f3n, con ponencias como la que realizar\u00e1 de apertura el Dr. Bernat Soria, investigador del CABIMER sobre c\u00e9lulas madre o los nuevos avances en biolog\u00eda sint\u00e9tica, o la que impartir\u00e1 el Dr. Luis Serrano, director del Centro de Regulaci\u00f3n Gen\u00f3mica de Barcelona. La \u00faltima conferencia ser\u00e1 impartida por el Dr. Jos\u00e9 Antonio Godoy, quien explicar\u00e1 el impacto de los nuevos avances en secuenciaci\u00f3n gen\u00f3mica en la conservaci\u00f3n del lince ib\u00e9rico.<\/p>\n<p>La segunda jornada, el jueves 11 de julio, contar\u00e1 con una gran diversidad de ponencias, que abordar\u00e1n diferentes temas, tales como los nuevos avances en biomedicina, nanotecnolog\u00eda, diagn\u00f3stico gen\u00e9tico o la importancia del bioemprendimiento y la innovaci\u00f3n en este sector. Por \u00faltimo, BAC2013 ser\u00e1 clausurado el viernes 12 de julio con la conferencia del <b>Dr. Jack Szostak, Premio Nobel de Medicina y Fisiolog\u00eda en 2009<\/b>.<\/p>\n<p>En palabras de Arturo Bl\u00e1zquez, presidente de FEBiotec, \u201cBAC2013 dar\u00e1 a conocer los nuevos avances de la biotecnolog\u00eda, un sector que sigue creciendo a pesar de la crisis econ\u00f3mica, impulsando lo que algunos han denominado la nueva econom\u00eda basada en el conocimiento\u201d. La organizaci\u00f3n de este congreso ha sido posible gracias al apoyo de la Universidad Pablo de Olavide, la Junta de Andaluc\u00eda y AMGEN, y la colaboraci\u00f3n de otras entidades como SEBiot, IUCT, Cidi+ Biomed y Viajes Cajasol.<\/p>\n","protected":false},"excerpt":{"rendered":"<p>Ma\u00f1ana mi\u00e9rcoles, a las 10 horas en el Paraninfo de la Universidad Pablo de Olavide de Sevilla, se inaugurar\u00e1 el s\u00e9ptimo congreso de la Federaci\u00f3n Espa\u00f1ola de Biotecn\u00f3logos (FEBiotec), Biotech Annual Congress (BAC 2013). Este simposio tiene como objetivo debatir sobre el futuro de la biotecnolog\u00eda en Espa\u00f1a y en la Uni\u00f3n Europea. <\/p>\n","protected":false},"author":6,"featured_media":0,"comment_status":"closed","ping_status":"open","sticky":false,"template":"","format":"standard","meta":{"_monsterinsights_skip_tracking":false,"_monsterinsights_sitenote_active":false,"_monsterinsights_sitenote_note":"","_monsterinsights_sitenote_category":0,"footnotes":""},"categories":[6],"tags":[121,364,354,80,124,734,38,106],"class_list":["post-1168670","post","type-post","status-publish","format-standard","hentry","category-institucional","tag-biotecnologia","tag-cabimer","tag-congreso","tag-emprendedores","tag-febiotec","tag-investigadores","tag-rector","tag-vicente-c-guzman"],"_links":{"self":[{"href":"https:\/\/www.upo.es\/diario\/wp-json\/wp\/v2\/posts\/1168670","targetHints":{"allow":["GET"]}}],"collection":[{"href":"https:\/\/www.upo.es\/diario\/wp-json\/wp\/v2\/posts"}],"about":[{"href":"https:\/\/www.upo.es\/diario\/wp-json\/wp\/v2\/types\/post"}],"author":[{"embeddable":true,"href":"https:\/\/www.upo.es\/diario\/wp-json\/wp\/v2\/users\/6"}],"replies":[{"embeddable":true,"href":"https:\/\/www.upo.es\/diario\/wp-json\/wp\/v2\/comments?post=1168670"}],"version-history":[{"count":6,"href":"https:\/\/www.upo.es\/diario\/wp-json\/wp\/v2\/posts\/1168670\/revisions"}],"predecessor-version":[{"id":1168672,"href":"https:\/\/www.upo.es\/diario\/wp-json\/wp\/v2\/posts\/1168670\/revisions\/1168672"}],"wp:attachment":[{"href":"https:\/\/www.upo.es\/diario\/wp-json\/wp\/v2\/media?parent=1168670"}],"wp:term":[{"taxonomy":"category","embeddable":true,"href":"https:\/\/www.upo.es\/diario\/wp-json\/wp\/v2\/categories?post=1168670"},{"taxonomy":"post_tag","embeddable":true,"href":"https:\/\/www.upo.es\/diario\/wp-json\/wp\/v2\/tags?post=1168670"}],"curies":[{"name":"wp","href":"https:\/\/api.w.org\/{rel}","templated":true}]}}