{"id":1168688,"date":"2013-07-09T05:55:38","date_gmt":"2013-07-09T05:55:38","guid":{"rendered":"https:\/\/www.upo.es\/diario\/?p=1168688"},"modified":"2013-07-10T11:58:31","modified_gmt":"2013-07-10T11:58:31","slug":"el-presente-y-futuro-de-las-radios-y-televisiones-publicas-autonomicas-a-debate-manana-en-el-curso-sobre-periodismo","status":"publish","type":"post","link":"https:\/\/www.upo.es\/diario\/institucional\/2013\/07\/el-presente-y-futuro-de-las-radios-y-televisiones-publicas-autonomicas-a-debate-manana-en-el-curso-sobre-periodismo\/","title":{"rendered":"El presente y futuro de las radios y televisiones p\u00fablicas auton\u00f3micas, a debate ma\u00f1ana en el curso sobre periodismo"},"content":{"rendered":"<figure id=\"attachment_1105267\" aria-describedby=\"caption-attachment-1105267\" style=\"width: 320px\" class=\"wp-caption alignright\"><a href=\"https:\/\/www.upo.es\/diario\/wp-content\/uploads\/2013\/06\/CursosdeVerano2013-1.jpg\"><img loading=\"lazy\" decoding=\"async\" class=\"size-medium wp-image-1105267\" alt=\"Cursos de Verano de la UPO 2013, cartel\" src=\"https:\/\/www.upo.es\/diario\/wp-content\/uploads\/2013\/06\/CursosdeVerano2013-1-320x213.jpg\" width=\"320\" height=\"213\" srcset=\"https:\/\/www.upo.es\/diario\/wp-content\/uploads\/2013\/06\/CursosdeVerano2013-1-320x213.jpg 320w, https:\/\/www.upo.es\/diario\/wp-content\/uploads\/2013\/06\/CursosdeVerano2013-1-1024x682.jpg 1024w, https:\/\/www.upo.es\/diario\/wp-content\/uploads\/2013\/06\/CursosdeVerano2013-1-600x399.jpg 600w\" sizes=\"auto, (max-width: 320px) 100vw, 320px\" \/><\/a><figcaption id=\"caption-attachment-1105267\" class=\"wp-caption-text\">Los Cursos de Verano se celebran en la sede universitaria de la UPO en Carmona<\/figcaption><\/figure>\n<p>Ma\u00f1ana mi\u00e9rcoles 10 de julio, a las 12 horas en la Casa Palacio de Los Briones, se celebrar\u00e1 la mesa redonda \u201cPresente y futuro de las radios y televisiones p\u00fablicas auton\u00f3micas\u201d, en el marco del curso de verano <b>\u201cPeriodismo, Nuevas Alternativas\u201d<\/b>, que contar\u00e1 con la participaci\u00f3n de Joaqu\u00edn Dur\u00e1n, subdirector general de la Radio Televisi\u00f3n de Andaluc\u00eda (RTVA); Jos\u00e9 Antonio S\u00e1nchez Dom\u00ednguez, director general del Ente P\u00fablico Radio Televisi\u00f3n Madrid (CRTVG); Alfonso S\u00e1nchez Izquierdo, director general de la Compa\u00f1\u00eda de Radiotelevisi\u00f3n de Galicia (CRTVG), y Antonio Virgili Rodr\u00edguez, presidente de la Federaci\u00f3n de Organismos de Radio y Televisi\u00f3n Auton\u00f3micos (FORTA) y director general del EPCPA.<\/p>\n<p>Previamente, a las 10 horas, Alicia G. Montano, periodista y ex directora del programa Informe Semanal, impartir\u00e1 la conferencia \u201cLa informaci\u00f3n en la televisi\u00f3n p\u00fablica estatal\u201d. Por la tarde, a las 16 horas, se celebrar\u00e1 la mesa redonda \u201cPeriodismo, la verdad y la mentira: \u00bfSe cumple con el derecho de los ciudadanos a una informaci\u00f3n veraz?\u201d, en la que participar\u00e1 Rafael de Miguel, director de informativos de la Cadena Ser; C\u00e9sar Gonz\u00e1lez Ant\u00f3n, director de informativos de La Sexta; Francisco Rosell, director de El Mundo Andaluc\u00eda, y Pilar G\u00f3mez, subdirectora de La Raz\u00f3n. Finalmente, a las 18 horas, se celebrar\u00e1 la mesa redonda \u201cOpini\u00f3n: La \u00e9tica en articulistas y tertulianos\u201d, en la que participar\u00e1n Rom\u00e1n Orozco, articulista de El Pa\u00eds y tertuliano en Canal Sur Televisi\u00f3n y en la Cadena Ser; Francisco Gim\u00e9nez Alem\u00e1n, articulista de El Correo de Andaluc\u00eda y tertuliano en la Cadena Ser y Canal Sur Televisi\u00f3n y Radio, y Mar\u00eda Esperanza S\u00e1nchez, articulista de El Correo de Andaluc\u00eda y tertuliana en Cadena Ser y Canal Sur Televisi\u00f3n.<\/p>\n<p>Por otra parte, ma\u00f1ana mi\u00e9rcoles finaliza en Carmona el \u201c<b>VIII Curso Internacional sobre Terrorismo Yihadista: Violencia y Cambio Pol\u00edtico en el Mundo Arabo-Musulm\u00e1n<\/b>\u201d, que abordar\u00e1 en su \u00faltima jornada \u201cLa primavera \u00e1rabe y las relaciones euro-mediterr\u00e1neas\u201d, una conferencia que ser\u00e1 impartida por Mar\u00eda do C\u00e9u Pinto, directora del Departamento de Relaciones Internacionales y Administraci\u00f3n P\u00fablica de la Universidad de Minho, Portugal, <span style=\"text-decoration: underline;\">ma\u00f1ana mi\u00e9rcoles a las 10 horas en el Hotel Alc\u00e1zar de la Reina<\/span>.<\/p>\n<p>A las 11 horas, Ignacio Prieto, em\u00e9rito del Centro Nacional de Inteligencia, hablar\u00e1 sobre \u201cEl terrorismo yihadista en Pakist\u00e1n\u201d, y a las 12.30 horas, Rafael Rodr\u00edguez P\u00e9rez, inspector jefe del Cuerpo Nacional de Polic\u00eda, Brigada Provincial de Informaci\u00f3n, abordar\u00e1 la \u201cRadicalizaci\u00f3n yihadista a trav\u00e9s de Internet\u201d.<\/p>\n<p>Ma\u00f1ana mi\u00e9rcoles tambi\u00e9n se clausura el curso <b>\u201cXI Taller Pr\u00e1ctico: La Magia de la Mediaci\u00f3n\u201d, <\/b>que contar\u00e1 en su \u00faltima jornada con la intervenci\u00f3n del grupo de teatro \u201cEl Calvo Invita\u201d, que abordar\u00e1, a las 10 horas en la Casa Palacio de Los Briones, las \u201cT\u00e9cnicas teatrales en clave de clown\u201d. Despu\u00e9s, a las 12 horas, Paloma Al\u00e9s, mediadora profesional de la Escuela Sevillana de Mediaci\u00f3n, hablar\u00e1 sobre \u201cMediaci\u00f3n y la teor\u00eda de los juegos\u201d, y, a las 16 horas, Roc\u00edo Navarro, profesora del \u00c1rea de Derecho Administrativo de la UPO, impartir\u00e1 el taller \u201cArte y mediaci\u00f3n\u201d.<\/p>\n<p>Finalmente, otro de los cursos que se clausura ma\u00f1ana mi\u00e9rcoles es <b>\u201cTerapias Ecuestres: Fundamentos Te\u00f3ricos, Cient\u00edficos y Pr\u00e1cticos de las Intervenciones Terap\u00e9uticas asistidas por el Caballo\u201d, <\/b>que se cerrar\u00e1, <span style=\"text-decoration: underline;\">a las 17.15 horas en la Casa Palacio de los Briones<\/span>, con la mesa redonda \u201cRealidad de la creaci\u00f3n de proyectos de terapias asistidas con caballos: Requerimientos y regulaci\u00f3n\u201d compuesta por Sandra de Soto Galv\u00e1n, directora de la Fundaci\u00f3n para el Desarrollo de las Terapias Ecuestres, psic\u00f3loga, terapeuta ecuestre y t\u00e9cnica deportiva en equitaci\u00f3n; Luisa L\u00f3pez Fern\u00e1ndez, del centro de terapias ecuestres de Olivares \u201cEl Limonar\u201d; Patricia Ramos Rodr\u00edguez, presidenta de \u00c1gata, Asociaci\u00f3n Gaditana de Terapias con Animales, en Puerto Real (C\u00e1diz), y M\u00aa Dolores Ballesteros Hermos\u00edn, de \u00c9quma Terapias Ecuestres, Coria del R\u00edo (Sevilla).<\/p>\n<p>Previamente, a las 9 horas, Sandra de Soto impartir\u00e1 la conferencia \u201cDe la terapia al deporte h\u00edpico adaptado para-ecuestre\u201d, y a las 12.30 horas hablar\u00e1 sobre \u201cLa formaci\u00f3n especializada en terapias asistidas con caballos. Salidas profesionales\u201d. A las 11 horas, Luisa L\u00f3pez Fern\u00e1ndez impartir\u00e1 la conferencia \u201cLas terapias ecuestres aplicadas en sordoceguera\u201d y por la tarde, a las 16 horas se celebrar\u00e1 la mesa redonda \u201cCentro de terapias ecuestres adscritos a la Fundaci\u00f3n para el Desarrollo de las Terapias Ecuestres: Presentaci\u00f3n de cuatro Centros\u201d, en la que participar\u00e1n Sandra de Soto, Luisa L\u00f3pez Fern\u00e1ndez, Patricia Ramos Rodr\u00edguez y Regina Garc\u00eda And\u00fajar, de H\u00edpica el Tr\u00e9bol Terapias Ecuestres (Benajarafe, M\u00e1laga).<\/p>\n","protected":false},"excerpt":{"rendered":"<p>Ma\u00f1ana mi\u00e9rcoles 10 de julio, a las 12 horas en la Casa Palacio de Los Briones, se celebrar\u00e1 la mesa redonda \u201cPresente y futuro de las radios y televisiones p\u00fablicas auton\u00f3micas\u201d, en el marco del curso de verano \u201cPeriodismo, Nuevas Alternativas\u201d, que contar\u00e1 con la participaci\u00f3n de Joaqu\u00edn Dur\u00e1n, subdirector general de la Radio Televisi\u00f3n de Andaluc\u00eda (RTVA); Jos\u00e9 Antonio S\u00e1nchez Dom\u00ednguez, director general del Ente P\u00fablico Radio Televisi\u00f3n Madrid (CRTVG); Alfonso S\u00e1nchez Izquierdo, director general de la Compa\u00f1\u00eda de Radiotelevisi\u00f3n de Galicia (CRTVG), y Antonio Virgili Rodr\u00edguez, presidente de la Federaci\u00f3n de Organismos de Radio y Televisi\u00f3n Auton\u00f3micos (FORTA) y director general del EPCPA. <\/p>\n","protected":false},"author":2,"featured_media":0,"comment_status":"closed","ping_status":"open","sticky":false,"template":"","format":"standard","meta":{"_monsterinsights_skip_tracking":false,"_monsterinsights_sitenote_active":false,"_monsterinsights_sitenote_note":"","_monsterinsights_sitenote_category":0,"footnotes":""},"categories":[6],"tags":[23,141,22,519],"class_list":["post-1168688","post","type-post","status-publish","format-standard","hentry","category-institucional","tag-carmona","tag-curso","tag-cursos-de-verano","tag-olavide-en-carmona"],"_links":{"self":[{"href":"https:\/\/www.upo.es\/diario\/wp-json\/wp\/v2\/posts\/1168688","targetHints":{"allow":["GET"]}}],"collection":[{"href":"https:\/\/www.upo.es\/diario\/wp-json\/wp\/v2\/posts"}],"about":[{"href":"https:\/\/www.upo.es\/diario\/wp-json\/wp\/v2\/types\/post"}],"author":[{"embeddable":true,"href":"https:\/\/www.upo.es\/diario\/wp-json\/wp\/v2\/users\/2"}],"replies":[{"embeddable":true,"href":"https:\/\/www.upo.es\/diario\/wp-json\/wp\/v2\/comments?post=1168688"}],"version-history":[{"count":6,"href":"https:\/\/www.upo.es\/diario\/wp-json\/wp\/v2\/posts\/1168688\/revisions"}],"predecessor-version":[{"id":1174589,"href":"https:\/\/www.upo.es\/diario\/wp-json\/wp\/v2\/posts\/1168688\/revisions\/1174589"}],"wp:attachment":[{"href":"https:\/\/www.upo.es\/diario\/wp-json\/wp\/v2\/media?parent=1168688"}],"wp:term":[{"taxonomy":"category","embeddable":true,"href":"https:\/\/www.upo.es\/diario\/wp-json\/wp\/v2\/categories?post=1168688"},{"taxonomy":"post_tag","embeddable":true,"href":"https:\/\/www.upo.es\/diario\/wp-json\/wp\/v2\/tags?post=1168688"}],"curies":[{"name":"wp","href":"https:\/\/api.w.org\/{rel}","templated":true}]}}