{"id":1173581,"date":"2013-07-10T05:12:28","date_gmt":"2013-07-10T05:12:28","guid":{"rendered":"https:\/\/www.upo.es\/diario\/?p=1173581"},"modified":"2013-07-10T08:13:34","modified_gmt":"2013-07-10T08:13:34","slug":"ceremonia-de-egresados-de-la-primera-promocion-del-grado-en-sociologia-de-la-upo","status":"publish","type":"post","link":"https:\/\/www.upo.es\/diario\/institucional\/2013\/07\/ceremonia-de-egresados-de-la-primera-promocion-del-grado-en-sociologia-de-la-upo\/","title":{"rendered":"Ceremonia de Egresados de la primera promoci\u00f3n del grado en Sociolog\u00eda de la UPO"},"content":{"rendered":"<figure id=\"attachment_1173582\" aria-describedby=\"caption-attachment-1173582\" style=\"width: 320px\" class=\"wp-caption alignright\"><a href=\"https:\/\/www.upo.es\/diario\/wp-content\/uploads\/2013\/07\/130709-UPO_135.jpg\"><img loading=\"lazy\" decoding=\"async\" class=\"size-medium wp-image-1173582\" alt=\"La primera promoci\u00f3n del grado en Sociolog\u00eda de la UPO\" src=\"https:\/\/www.upo.es\/diario\/wp-content\/uploads\/2013\/07\/130709-UPO_135-320x212.jpg\" width=\"320\" height=\"212\" srcset=\"https:\/\/www.upo.es\/diario\/wp-content\/uploads\/2013\/07\/130709-UPO_135-320x212.jpg 320w, https:\/\/www.upo.es\/diario\/wp-content\/uploads\/2013\/07\/130709-UPO_135-600x398.jpg 600w, https:\/\/www.upo.es\/diario\/wp-content\/uploads\/2013\/07\/130709-UPO_135.jpg 900w\" sizes=\"auto, (max-width: 320px) 100vw, 320px\" \/><\/a><figcaption id=\"caption-attachment-1173582\" class=\"wp-caption-text\">La primera promoci\u00f3n del grado en Sociolog\u00eda de la UPO. Fuente: Foto \u00c9xito<\/figcaption><\/figure>\n<figure id=\"attachment_1173583\" aria-describedby=\"caption-attachment-1173583\" style=\"width: 320px\" class=\"wp-caption alignright\"><a href=\"https:\/\/www.upo.es\/diario\/wp-content\/uploads\/2013\/07\/130709-UPO_059.jpg\"><img loading=\"lazy\" decoding=\"async\" class=\"size-medium wp-image-1173583\" alt=\"Durante la imposici\u00f3n de becas\" src=\"https:\/\/www.upo.es\/diario\/wp-content\/uploads\/2013\/07\/130709-UPO_059-320x212.jpg\" width=\"320\" height=\"212\" srcset=\"https:\/\/www.upo.es\/diario\/wp-content\/uploads\/2013\/07\/130709-UPO_059-320x212.jpg 320w, https:\/\/www.upo.es\/diario\/wp-content\/uploads\/2013\/07\/130709-UPO_059-600x398.jpg 600w, https:\/\/www.upo.es\/diario\/wp-content\/uploads\/2013\/07\/130709-UPO_059.jpg 900w\" sizes=\"auto, (max-width: 320px) 100vw, 320px\" \/><\/a><figcaption id=\"caption-attachment-1173583\" class=\"wp-caption-text\">Durante la imposici\u00f3n de becas. Fuente: Foto \u00c9xito<\/figcaption><\/figure>\n<p>La Ceremonia Fin de Grado de la primera promoci\u00f3n (2009\/2013) del grado en Sociolog\u00eda se celebr\u00f3 ayer martes en la Universidad Pablo de Olavide, presidida por Guillermo Dom\u00ednguez Fern\u00e1ndez, decano de la Facultad de Ciencias Sociales.<\/p>\n<p>Los padrinos de la promoci\u00f3n fueron los profesores del departamento de Sociolog\u00eda de la Universidad Pablo de Olavide, Rosal\u00eda Mart\u00ednez Garc\u00eda y Jos\u00e9 Manuel Echavarren Fern\u00e1ndez. A la ceremonia asistieron la vicedecana de la Facultad de Ciencias Sociales de la UPO, M\u00aa Jos\u00e9 del Pino Espejo, y el director del departamento de Sociolog\u00eda, Clemente Jes\u00fas Navarro Y\u00e1\u00f1ez. La representante de los estudiantes fue Tatiana S\u00e1nchez Garc\u00eda.<\/p>\n<p>Un total de 31 egresados asistieron junto a sus familiares a estos actos con los que la Universidad Pablo de Olavide recupera una antigua tradici\u00f3n de las universidades europeas.<\/p>\n","protected":false},"excerpt":{"rendered":"<p>La Ceremonia Fin de Grado de la primera promoci\u00f3n (2009\/2013) del grado en Sociolog\u00eda se celebr\u00f3 ayer martes en la Universidad Pablo de Olavide, presidida por Guillermo Dom\u00ednguez Fern\u00e1ndez, decano de la Facultad de Ciencias Sociales.<\/p>\n","protected":false},"author":4,"featured_media":0,"comment_status":"closed","ping_status":"open","sticky":false,"template":"","format":"standard","meta":{"_monsterinsights_skip_tracking":false,"_monsterinsights_sitenote_active":false,"_monsterinsights_sitenote_note":"","_monsterinsights_sitenote_category":0,"footnotes":""},"categories":[6],"tags":[581,487,680,104],"class_list":["post-1173581","post","type-post","status-publish","format-standard","hentry","category-institucional","tag-ceremonia-de-egresados","tag-facultad-ciencias-sociales","tag-grado","tag-sociologia"],"_links":{"self":[{"href":"https:\/\/www.upo.es\/diario\/wp-json\/wp\/v2\/posts\/1173581","targetHints":{"allow":["GET"]}}],"collection":[{"href":"https:\/\/www.upo.es\/diario\/wp-json\/wp\/v2\/posts"}],"about":[{"href":"https:\/\/www.upo.es\/diario\/wp-json\/wp\/v2\/types\/post"}],"author":[{"embeddable":true,"href":"https:\/\/www.upo.es\/diario\/wp-json\/wp\/v2\/users\/4"}],"replies":[{"embeddable":true,"href":"https:\/\/www.upo.es\/diario\/wp-json\/wp\/v2\/comments?post=1173581"}],"version-history":[{"count":3,"href":"https:\/\/www.upo.es\/diario\/wp-json\/wp\/v2\/posts\/1173581\/revisions"}],"predecessor-version":[{"id":1173586,"href":"https:\/\/www.upo.es\/diario\/wp-json\/wp\/v2\/posts\/1173581\/revisions\/1173586"}],"wp:attachment":[{"href":"https:\/\/www.upo.es\/diario\/wp-json\/wp\/v2\/media?parent=1173581"}],"wp:term":[{"taxonomy":"category","embeddable":true,"href":"https:\/\/www.upo.es\/diario\/wp-json\/wp\/v2\/categories?post=1173581"},{"taxonomy":"post_tag","embeddable":true,"href":"https:\/\/www.upo.es\/diario\/wp-json\/wp\/v2\/tags?post=1173581"}],"curies":[{"name":"wp","href":"https:\/\/api.w.org\/{rel}","templated":true}]}}