{"id":1174322,"date":"2013-07-11T11:02:00","date_gmt":"2013-07-11T11:02:00","guid":{"rendered":"https:\/\/www.upo.es\/diario\/?p=1174322"},"modified":"2013-07-15T11:01:09","modified_gmt":"2013-07-15T11:01:09","slug":"la-upo-participa-en-un-proyecto-europeo-de-regeneracion-neuronal-tras-el-infarto-cerebral","status":"publish","type":"post","link":"https:\/\/www.upo.es\/diario\/ciencia\/2013\/07\/la-upo-participa-en-un-proyecto-europeo-de-regeneracion-neuronal-tras-el-infarto-cerebral\/","title":{"rendered":"La UPO participa en un proyecto europeo de regeneraci\u00f3n neuronal tras el infarto cerebral"},"content":{"rendered":"<figure id=\"attachment_1174323\" aria-describedby=\"caption-attachment-1174323\" style=\"width: 320px\" class=\"wp-caption alignright\"><a href=\"https:\/\/www.upo.es\/diario\/wp-content\/uploads\/2013\/07\/jmdelgado.jpg\"><img loading=\"lazy\" decoding=\"async\" class=\"size-medium wp-image-1174323\" alt=\"Jos\u00e9 Mar\u00eda Delgado\" src=\"https:\/\/www.upo.es\/diario\/wp-content\/uploads\/2013\/07\/jmdelgado-320x213.jpg\" width=\"320\" height=\"213\" srcset=\"https:\/\/www.upo.es\/diario\/wp-content\/uploads\/2013\/07\/jmdelgado-320x213.jpg 320w, https:\/\/www.upo.es\/diario\/wp-content\/uploads\/2013\/07\/jmdelgado-1024x682.jpg 1024w, https:\/\/www.upo.es\/diario\/wp-content\/uploads\/2013\/07\/jmdelgado-600x399.jpg 600w, https:\/\/www.upo.es\/diario\/wp-content\/uploads\/2013\/07\/jmdelgado.jpg 1700w\" sizes=\"auto, (max-width: 320px) 100vw, 320px\" \/><\/a><figcaption id=\"caption-attachment-1174323\" class=\"wp-caption-text\">Jos\u00e9 Mar\u00eda Delgado<\/figcaption><\/figure>\n<p>La Divisi\u00f3n de Neurociencias de la Universidad Pablo de Olavide, dirigida por el profesor Jos\u00e9 Mar\u00eda Delgado, ha obtenido un proyecto europeo dentro del programa Era-Net Neuron, financiado con un mill\u00f3n cien mil euros, que se desarrollar\u00e1 a lo largo de los tres pr\u00f3ximos a\u00f1os. En el proyecto participan tambi\u00e9n grupos de investigaci\u00f3n de las universidades de Dresden y Munich en Alemania y de Mil\u00e1n en Italia.<\/p>\n<p>El programa Era-Net\u00a0Neuron\u00a0tiene como objetivo fundamental coordinar las actividades de distintos programas nacionales de investigaci\u00f3n en el campo de las enfermedades que afectan al sistema nervioso y de la neurobiolog\u00eda en general.<\/p>\n<p>El infarto cerebral es una de las causas m\u00e1s frecuentes de muerte en la Uni\u00f3n Europea y, tambi\u00e9n, uno de los procesos que produce mayores d\u00e9ficit funcionales y prolongadas dependencias. Los grupos solicitantes de este proyecto han desarrollado un modelo experimental en ratones en el que se pueden reproducir las condiciones funcionales que original el infarto cerebral.<\/p>\n<p>En el presente proyecto los solicitantes tratar\u00e1n de desarrollar la activaci\u00f3n de c\u00e9lulas troncales multipotentes susceptibles de diferenciarse en neuronas o c\u00e9lulas gliales (oligodendrocitos). En particular la activaci\u00f3n de las c\u00e9lulas precursoras de oligodendrocitos se realizara mediante la administraci\u00f3n de f\u00e1rmacos espec\u00edficos desarrollados en el proyecto. Cada uno de los grupos participantes se ocupar\u00e1 de una parte espec\u00edfica del proyecto, de acuerdo con sus capacidades y especializaci\u00f3n, lo que refuerza la utilidad de estos proyectos cooperativos que se desarrollan en el marco de la Uni\u00f3n Europea.<\/p>\n<p>As\u00ed, el grupo de la Universidad de Mil\u00e1n est\u00e1 formado por expertos en patolog\u00edas relacionadas con alteraciones en la circulaci\u00f3n cerebral y en su tratamiento en pacientes. Los dos grupos alemanes se encargar\u00e1n del desarrollo de las estirpes celulares a utilizar en el proyecto y el desarrollo de f\u00e1rmacos \u00fatiles para su activaci\u00f3n en el momento necesario. Por \u00faltimo, el grupo de la Universidad Pablo de Olavide se encargar\u00e1 de los estudios fisiol\u00f3gicos y comportamentales, as\u00ed como de la recuperaci\u00f3n funcional tras la lesi\u00f3n cerebral.<\/p>\n","protected":false},"excerpt":{"rendered":"<p>La Divisi\u00f3n de Neurociencias de la Universidad Pablo de Olavide, dirigida por el profesor Jos\u00e9 Mar\u00eda Delgado, ha obtenido un proyecto europeo dentro del programa Era-Net Neuron, financiado con un mill\u00f3n cien mil euros, que se desarrollar\u00e1 a lo largo de los tres pr\u00f3ximos a\u00f1os. En el proyecto participan tambi\u00e9n grupos de investigaci\u00f3n de las universidades de Dresden y Munich en Alemania y de Mil\u00e1n en Italia.<\/p>\n","protected":false},"author":6,"featured_media":0,"comment_status":"closed","ping_status":"open","sticky":false,"template":"","format":"standard","meta":{"_monsterinsights_skip_tracking":false,"_monsterinsights_sitenote_active":false,"_monsterinsights_sitenote_note":"","_monsterinsights_sitenote_category":0,"footnotes":""},"categories":[3],"tags":[219,56,592,114,68],"class_list":["post-1174322","post","type-post","status-publish","format-standard","hentry","category-ciencia","tag-division-de-neurociencias","tag-investigacion","tag-jose-maria-delgado","tag-neurociencia","tag-union-europea"],"_links":{"self":[{"href":"https:\/\/www.upo.es\/diario\/wp-json\/wp\/v2\/posts\/1174322","targetHints":{"allow":["GET"]}}],"collection":[{"href":"https:\/\/www.upo.es\/diario\/wp-json\/wp\/v2\/posts"}],"about":[{"href":"https:\/\/www.upo.es\/diario\/wp-json\/wp\/v2\/types\/post"}],"author":[{"embeddable":true,"href":"https:\/\/www.upo.es\/diario\/wp-json\/wp\/v2\/users\/6"}],"replies":[{"embeddable":true,"href":"https:\/\/www.upo.es\/diario\/wp-json\/wp\/v2\/comments?post=1174322"}],"version-history":[{"count":4,"href":"https:\/\/www.upo.es\/diario\/wp-json\/wp\/v2\/posts\/1174322\/revisions"}],"predecessor-version":[{"id":1204114,"href":"https:\/\/www.upo.es\/diario\/wp-json\/wp\/v2\/posts\/1174322\/revisions\/1204114"}],"wp:attachment":[{"href":"https:\/\/www.upo.es\/diario\/wp-json\/wp\/v2\/media?parent=1174322"}],"wp:term":[{"taxonomy":"category","embeddable":true,"href":"https:\/\/www.upo.es\/diario\/wp-json\/wp\/v2\/categories?post=1174322"},{"taxonomy":"post_tag","embeddable":true,"href":"https:\/\/www.upo.es\/diario\/wp-json\/wp\/v2\/tags?post=1174322"}],"curies":[{"name":"wp","href":"https:\/\/api.w.org\/{rel}","templated":true}]}}