{"id":1174326,"date":"2013-07-10T11:24:36","date_gmt":"2013-07-10T11:24:36","guid":{"rendered":"https:\/\/www.upo.es\/diario\/?p=1174326"},"modified":"2013-07-11T07:38:16","modified_gmt":"2013-07-11T07:38:16","slug":"inaugurado-en-la-upo-el-congreso-de-la-federacion-espanola-de-biotecnologos-bac-2013","status":"publish","type":"post","link":"https:\/\/www.upo.es\/diario\/institucional\/2013\/07\/inaugurado-en-la-upo-el-congreso-de-la-federacion-espanola-de-biotecnologos-bac-2013\/","title":{"rendered":"Inaugurado en la UPO el congreso de la Federaci\u00f3n Espa\u00f1ola de Biotecn\u00f3logos, BAC 2013"},"content":{"rendered":"<figure id=\"attachment_1174327\" aria-describedby=\"caption-attachment-1174327\" style=\"width: 320px\" class=\"wp-caption alignright\"><a href=\"https:\/\/www.upo.es\/diario\/wp-content\/uploads\/2013\/07\/BAC_2013_inauguracion.jpg\"><img loading=\"lazy\" decoding=\"async\" class=\"size-medium wp-image-1174327\" alt=\"Mar\u00eda Jos\u00e9 Conde, coordinadora de BAC 2013; Daniel S\u00e1nchez, pte. de la Asociaci\u00f3n de Biotecn\u00f3logos de Andaluc\u00eda; Eva Mar\u00eda V\u00e1zquez, dir. gral. de Investigaci\u00f3n , Tecnolog\u00eda y Empresa de la Junta; Vicente Guzm\u00e1n, rector de la UPO; Arturo Bl\u00e1zquez, pte. de FEBiotec; y Antonio Gallardo, decano de la Facultad de Ciencias Experimentales de la UPO\" src=\"https:\/\/www.upo.es\/diario\/wp-content\/uploads\/2013\/07\/BAC_2013_inauguracion-320x213.jpg\" width=\"320\" height=\"213\" srcset=\"https:\/\/www.upo.es\/diario\/wp-content\/uploads\/2013\/07\/BAC_2013_inauguracion-320x213.jpg 320w, https:\/\/www.upo.es\/diario\/wp-content\/uploads\/2013\/07\/BAC_2013_inauguracion-1024x682.jpg 1024w, https:\/\/www.upo.es\/diario\/wp-content\/uploads\/2013\/07\/BAC_2013_inauguracion-600x400.jpg 600w\" sizes=\"auto, (max-width: 320px) 100vw, 320px\" \/><\/a><figcaption id=\"caption-attachment-1174327\" class=\"wp-caption-text\">Cerca de 300 biotecn\u00f3logos se re\u00fanen desde hoy hasta el pr\u00f3ximo viernes en Sevilla<\/figcaption><\/figure>\n<p>Esta ma\u00f1ana se ha inaugurado en la Universidad Pablo de Olavide de Sevilla el s\u00e9ptimo congreso de la Federaci\u00f3n Espa\u00f1ola de Biotecn\u00f3logos (FEBiotec), <b><i><a href=\"http:\/\/www.bac2013.es\/\">Biotech Annual Congress (BAC 2013)<\/a><\/i><\/b>. Este simposio, en el que participan trescientos j\u00f3venes investigadores, tiene como objetivo debatir sobre el futuro de la biotecnolog\u00eda en Espa\u00f1a y en la Uni\u00f3n Europea.<\/p>\n<p>La biotecnolog\u00eda es un sector de futuro, en el que existe una intensa relaci\u00f3n entre las instituciones p\u00fablicas y las empresas. Eva Mar\u00eda V\u00e1zquez, directora general de Investigaci\u00f3n, Tecnolog\u00eda y Empresa de la Consejer\u00eda de Econom\u00eda, Innovaci\u00f3n, Ciencia y Empleo de la Junta de Andaluc\u00eda, ha resaltado \u201cel <b>crecimiento positivo de la biotecnolog\u00eda<\/b>\u201d, un \u00e1rea cient\u00edfica donde se cuenta con profesionales altamente cualificados como los que se re\u00fanen a partir de hoy en Sevilla.<\/p>\n<p>Andaluc\u00eda es una de las regiones donde mayor impacto econ\u00f3mico est\u00e1 teniendo el sector biotecnol\u00f3gico, que supone un cambio de enfoque innovador, a trav\u00e9s de programas marco de investigaci\u00f3n, tales como el Horizon 2020. Asimismo, Arturo Bl\u00e1zquez, presidente de la Federaci\u00f3n Espa\u00f1ola de Biotecn\u00f3logos, ha subrayado durante la inauguraci\u00f3n la necesidad de apostar por la biotecnolog\u00eda para crear la econom\u00eda basada en el conocimiento. \u201cInvertir en biotecnolog\u00eda no es una opci\u00f3n, sino que <b>el futuro ha de ser biotecnol\u00f3gico<\/b> o simplemente no ser\u00e1\u201d, ha destacado Bl\u00e1zquez.<\/p>\n<p>Estas palabras apoyan los \u00faltimos informes sobre la biotecnolog\u00eda en Espa\u00f1a, que demuestran el continuado crecimiento de este sector a pesar de la crisis. Este esfuerzo conjunto tiene especial inter\u00e9s en <b>Andaluc\u00eda<\/b>, comunidad que se ha posicionado, junto con Catalu\u00f1a y Galicia, como una de las regiones m\u00e1s innovadoras del pa\u00eds.<\/p>\n<figure id=\"attachment_1174328\" aria-describedby=\"caption-attachment-1174328\" style=\"width: 320px\" class=\"wp-caption alignright\"><a href=\"https:\/\/www.upo.es\/diario\/wp-content\/uploads\/2013\/07\/BAC_2013_Soria.jpg\"><img loading=\"lazy\" decoding=\"async\" class=\"size-medium wp-image-1174328\" alt=\"Bernat Soria\" src=\"https:\/\/www.upo.es\/diario\/wp-content\/uploads\/2013\/07\/BAC_2013_Soria-320x213.jpg\" width=\"320\" height=\"213\" srcset=\"https:\/\/www.upo.es\/diario\/wp-content\/uploads\/2013\/07\/BAC_2013_Soria-320x213.jpg 320w, https:\/\/www.upo.es\/diario\/wp-content\/uploads\/2013\/07\/BAC_2013_Soria-1024x682.jpg 1024w, https:\/\/www.upo.es\/diario\/wp-content\/uploads\/2013\/07\/BAC_2013_Soria-600x399.jpg 600w\" sizes=\"auto, (max-width: 320px) 100vw, 320px\" \/><\/a><figcaption id=\"caption-attachment-1174328\" class=\"wp-caption-text\">Bernat Soria<\/figcaption><\/figure>\n<p>El rector de la Universidad Pablo de Olavide de Sevilla ha cerrado el acto inaugural, destacando que la biotecnolog\u00eda es una de las se\u00f1as de identidad de esta instituci\u00f3n acad\u00e9mica joven e innovadora, que desde sus inicios hace 16 a\u00f1os apost\u00f3 por esta disciplina cient\u00edfica. Vicente Guzm\u00e1n tambi\u00e9n ha reivindicado el compromiso por la investigaci\u00f3n y la docencia de calidad como ejes fundamentales del futuro crecimiento econ\u00f3mico.<\/p>\n<p>BAC2013 contar\u00e1 en el d\u00eda de hoy con las ponencias del Dr. Bernat Soria, investigador del CABIMER y ex ministro de Sanidad y Consumo, el Dr. Luis Serrano, director del Centro de Regulaci\u00f3n Gen\u00f3mica de Barcelona y el Dr. Jos\u00e9 Antonio Godoy, investigador de la Estaci\u00f3n de Do\u00f1ana.La organizaci\u00f3n de este congreso ha sido posible gracias al apoyo de la Universidad Pablo de Olavide, la Junta de Andaluc\u00eda y AMGEN, y la colaboraci\u00f3n de otras entidades como SEBiot, Universitat de Vic, IUCT, Cidi+ Biomed y Viajes Cajasol.<\/p>\n<p><b><i>\u00a0<\/i><\/b><\/p>\n","protected":false},"excerpt":{"rendered":"<p>Esta ma\u00f1ana se ha inaugurado en la Universidad Pablo de Olavide de Sevilla el s\u00e9ptimo congreso de la Federaci\u00f3n Espa\u00f1ola de Biotecn\u00f3logos (FEBiotec), Biotech Annual Congress (BAC 2013). Este simposio, en el que participan trescientos j\u00f3venes investigadores, tiene como objetivo debatir sobre el futuro de la biotecnolog\u00eda en Espa\u00f1a y en la Uni\u00f3n Europea.<\/p>\n","protected":false},"author":6,"featured_media":0,"comment_status":"closed","ping_status":"open","sticky":false,"template":"","format":"standard","meta":{"_monsterinsights_skip_tracking":false,"_monsterinsights_sitenote_active":false,"_monsterinsights_sitenote_note":"","_monsterinsights_sitenote_category":0,"footnotes":""},"categories":[6],"tags":[121,364,354,124,734,38,106],"class_list":["post-1174326","post","type-post","status-publish","format-standard","hentry","category-institucional","tag-biotecnologia","tag-cabimer","tag-congreso","tag-febiotec","tag-investigadores","tag-rector","tag-vicente-c-guzman"],"_links":{"self":[{"href":"https:\/\/www.upo.es\/diario\/wp-json\/wp\/v2\/posts\/1174326","targetHints":{"allow":["GET"]}}],"collection":[{"href":"https:\/\/www.upo.es\/diario\/wp-json\/wp\/v2\/posts"}],"about":[{"href":"https:\/\/www.upo.es\/diario\/wp-json\/wp\/v2\/types\/post"}],"author":[{"embeddable":true,"href":"https:\/\/www.upo.es\/diario\/wp-json\/wp\/v2\/users\/6"}],"replies":[{"embeddable":true,"href":"https:\/\/www.upo.es\/diario\/wp-json\/wp\/v2\/comments?post=1174326"}],"version-history":[{"count":2,"href":"https:\/\/www.upo.es\/diario\/wp-json\/wp\/v2\/posts\/1174326\/revisions"}],"predecessor-version":[{"id":1179242,"href":"https:\/\/www.upo.es\/diario\/wp-json\/wp\/v2\/posts\/1174326\/revisions\/1179242"}],"wp:attachment":[{"href":"https:\/\/www.upo.es\/diario\/wp-json\/wp\/v2\/media?parent=1174326"}],"wp:term":[{"taxonomy":"category","embeddable":true,"href":"https:\/\/www.upo.es\/diario\/wp-json\/wp\/v2\/categories?post=1174326"},{"taxonomy":"post_tag","embeddable":true,"href":"https:\/\/www.upo.es\/diario\/wp-json\/wp\/v2\/tags?post=1174326"}],"curies":[{"name":"wp","href":"https:\/\/api.w.org\/{rel}","templated":true}]}}