{"id":1174590,"date":"2013-07-11T05:00:22","date_gmt":"2013-07-11T05:00:22","guid":{"rendered":"https:\/\/www.upo.es\/diario\/?p=1174590"},"modified":"2013-07-11T07:41:14","modified_gmt":"2013-07-11T07:41:14","slug":"manana-ceremonia-fin-de-carrera-de-la-licenciatura-en-ciencias-ambientales-de-la-upo","status":"publish","type":"post","link":"https:\/\/www.upo.es\/diario\/institucional\/2013\/07\/manana-ceremonia-fin-de-carrera-de-la-licenciatura-en-ciencias-ambientales-de-la-upo\/","title":{"rendered":"Hoy, Ceremonia Fin de Carrera de la licenciatura en Ciencias Ambientales de la UPO"},"content":{"rendered":"<p><span style=\"text-decoration: underline;\">Hoy jueves, 11 de julio, a las 19 horas en el Paraninfo de la Universidad Pablo de Olavide<\/span>, se celebrar\u00e1 la Ceremonia Fin de Carrera de la promoci\u00f3n 2008\/2013 de la licenciatura en Ciencias Ambientales, que estar\u00e1 presidida por el decano de la Facultad de Ciencias Experimentales, Antonio Gallardo Correa.<\/p>\n<p>Los padrinos de la promoci\u00f3n ser\u00e1n Miguel Ferrer Barea, investigador del Consejo Superior de Investigaciones Cient\u00edficas (CSIC), y Jes\u00fas Rexach Benavides, profesor del departamento de Fisiolog\u00eda, Anatom\u00eda y Biolog\u00eda Celular de la Universidad Pablo de Olavide. A la ceremonia asistir\u00e1n el vicedecano de Ordenaci\u00f3n Acad\u00e9mica, Juan Rigoberto Tejedo Huam\u00e1n y la profesora Mar\u00eda P\u00e9rez Fern\u00e1ndez del departamento de Sistemas F\u00edsicos, Qu\u00edmicos y Naturales de la UPO.<\/p>\n<p>Un total de 60 egresados han confirmado su asistencia, junto a sus familiares, a este acto con el que la Universidad Pablo de Olavide recupera una antigua tradici\u00f3n de las universidades europeas.<\/p>\n<p>&nbsp;<\/p>\n<p align=\"center\"><b><span style=\"text-decoration: underline;\">Programa Ceremonia Fin de Carrera<\/span><\/b><\/p>\n<p align=\"center\">19.00 horas.<\/p>\n<p align=\"center\">Paraninfo de la Universidad Pablo de Olavide<\/p>\n<p align=\"center\">\u00a0&#8211; Apertura del acto.<\/p>\n<p align=\"center\">&#8211; Mensaje de los padrinos de la promoci\u00f3n: Miguel Ferrer Barea, investigador del Consejo Superior de Investigaciones Cient\u00edficas (CSIC), y Jes\u00fas Rexach Benavides, profesor del departamento de Fisiolog\u00eda, Anatom\u00eda y Biolog\u00eda Celular de la Universidad Pablo de Olavide.<\/p>\n<p align=\"center\">\u00a0&#8211; Imposici\u00f3n de becas a los estudiantes.<\/p>\n<p align=\"center\">\u00a0&#8211; Intervenci\u00f3n de las representantes de los estudiantes: \u00a0Jose Manuel Cano Dur\u00e1n y Gerardo Seda Fern\u00e1ndez.<\/p>\n<p align=\"center\">\u00a0&#8211; Palabras y clausura del decano de la Facultad de Ciencias Experimentales, Antonio Gallardo Correa.<\/p>\n<p align=\"center\">\u00a0&#8211; Himno Universitario.<\/p>\n","protected":false},"excerpt":{"rendered":"<p>Hoy jueves, 11 de julio, a las 19 horas en el Paraninfo de la Universidad Pablo de Olavide, se celebrar\u00e1 la Ceremonia Fin de Carrera de la promoci\u00f3n 2008\/2013 de la licenciatura en Ciencias Ambientales, que estar\u00e1 presidida por el decano de la Facultad de Ciencias Experimentales, Antonio Gallardo Correa.<\/p>\n","protected":false},"author":4,"featured_media":0,"comment_status":"closed","ping_status":"open","sticky":false,"template":"","format":"standard","meta":{"_monsterinsights_skip_tracking":false,"_monsterinsights_sitenote_active":false,"_monsterinsights_sitenote_note":"","_monsterinsights_sitenote_category":0,"footnotes":""},"categories":[6],"tags":[581,260,122,704],"class_list":["post-1174590","post","type-post","status-publish","format-standard","hentry","category-institucional","tag-ceremonia-de-egresados","tag-ciencias-ambientales","tag-facultad-ciencias-experimentales","tag-licenciatura"],"_links":{"self":[{"href":"https:\/\/www.upo.es\/diario\/wp-json\/wp\/v2\/posts\/1174590","targetHints":{"allow":["GET"]}}],"collection":[{"href":"https:\/\/www.upo.es\/diario\/wp-json\/wp\/v2\/posts"}],"about":[{"href":"https:\/\/www.upo.es\/diario\/wp-json\/wp\/v2\/types\/post"}],"author":[{"embeddable":true,"href":"https:\/\/www.upo.es\/diario\/wp-json\/wp\/v2\/users\/4"}],"replies":[{"embeddable":true,"href":"https:\/\/www.upo.es\/diario\/wp-json\/wp\/v2\/comments?post=1174590"}],"version-history":[{"count":5,"href":"https:\/\/www.upo.es\/diario\/wp-json\/wp\/v2\/posts\/1174590\/revisions"}],"predecessor-version":[{"id":1179244,"href":"https:\/\/www.upo.es\/diario\/wp-json\/wp\/v2\/posts\/1174590\/revisions\/1179244"}],"wp:attachment":[{"href":"https:\/\/www.upo.es\/diario\/wp-json\/wp\/v2\/media?parent=1174590"}],"wp:term":[{"taxonomy":"category","embeddable":true,"href":"https:\/\/www.upo.es\/diario\/wp-json\/wp\/v2\/categories?post=1174590"},{"taxonomy":"post_tag","embeddable":true,"href":"https:\/\/www.upo.es\/diario\/wp-json\/wp\/v2\/tags?post=1174590"}],"curies":[{"name":"wp","href":"https:\/\/api.w.org\/{rel}","templated":true}]}}