{"id":1174596,"date":"2013-07-10T12:33:43","date_gmt":"2013-07-10T12:33:43","guid":{"rendered":"https:\/\/www.upo.es\/diario\/?p=1174596"},"modified":"2013-07-10T12:34:40","modified_gmt":"2013-07-10T12:34:40","slug":"tve-tiene-una-larga-historia-de-tutela-politica-desde-su-vinculacion-a-la-dictadura-franquista","status":"publish","type":"post","link":"https:\/\/www.upo.es\/diario\/cursos-verano\/2013\/07\/tve-tiene-una-larga-historia-de-tutela-politica-desde-su-vinculacion-a-la-dictadura-franquista\/","title":{"rendered":"\u201cTVE tiene una larga historia de tutela pol\u00edtica desde su vinculaci\u00f3n a la dictadura franquista\u201d"},"content":{"rendered":"<figure id=\"attachment_1174597\" aria-describedby=\"caption-attachment-1174597\" style=\"width: 320px\" class=\"wp-caption alignleft\"><a href=\"https:\/\/www.upo.es\/diario\/wp-content\/uploads\/2013\/07\/Alicia_Montano.jpg\"><img loading=\"lazy\" decoding=\"async\" class=\"size-medium wp-image-1174597 \" alt=\"Alicia G\u00f3mez Montano\" src=\"https:\/\/www.upo.es\/diario\/wp-content\/uploads\/2013\/07\/Alicia_Montano-320x213.jpg\" width=\"320\" height=\"213\" srcset=\"https:\/\/www.upo.es\/diario\/wp-content\/uploads\/2013\/07\/Alicia_Montano-320x213.jpg 320w, https:\/\/www.upo.es\/diario\/wp-content\/uploads\/2013\/07\/Alicia_Montano-1024x682.jpg 1024w, https:\/\/www.upo.es\/diario\/wp-content\/uploads\/2013\/07\/Alicia_Montano-600x399.jpg 600w\" sizes=\"auto, (max-width: 320px) 100vw, 320px\" \/><\/a><figcaption id=\"caption-attachment-1174597\" class=\"wp-caption-text\">La periodista asegura que, en la pr\u00e1ctica, quien controla Televisi\u00f3n Espa\u00f1ola es el partido que gana las elecciones<\/figcaption><\/figure>\n<p>Alicia G\u00f3mez Montano, periodista y ex directora del programa \u2018Informe semanal\u2019 de Televisi\u00f3n Espa\u00f1ola, ha asegurado hoy que afirma TVE tiene una larga historia de tutela pol\u00edtica, ya que estuvo vinculada en origen a la dictadura franquista. \u201cSin embargo, al llegar la democracia entramos en un r\u00e9gimen de libertades, pero como en aquel momento ten\u00edamos otras urgencias, seguimos depositando en el poder pol\u00edtico el caudal y el control de los medios p\u00fablicos, de tal manera que pasamos de la tutela de un r\u00e9gimen autoritario a una tutela democr\u00e1tica\u201d.<\/p>\n<p>\u201cPero en la pr\u00e1ctica no es el Parlamento quien controla, sino quien tiene la tarta de representaci\u00f3n m\u00e1s grande, y esto coincide con el partido que gana las elecciones. No se puede decir que todos los periodos hayan sido iguales desde el a\u00f1o 56, puesto que hay que reconocer en 2004 una ruptura de la tutela pol\u00edtica a favor del ciudadano, cuando se cambia la ley y existe una voluntad pol\u00edtica de renunciar a ese bot\u00edn que llegaba tras una victoria electoral, que ven\u00eda dada por el control de los poderes p\u00fablicos\u201d, afirma.<\/p>\n<p>G\u00f3mez Montano ha hecho estas declaraciones durante el curso de verano \u2018Periodismo, nuevas alternativas\u2019, que se est\u00e1 celebrando en la sede de la Universidad Pablo de Olavide en Carmona.<\/p>\n<p>Desde su experiencia, Alicia G\u00f3mez afirma que, tras casi 30 a\u00f1os de experiencia en los medios p\u00fablicos, tanto en RNE como en la TVE, \u201cno ha habido un periodo como \u00e9ste en el sentido de independencia y autonom\u00eda a la hora de tomar las decisiones. Me refiero concretamente al periodo entre 2004 y 2012, que es cuando ocupaba un puesto de responsabilidad. No s\u00e9 si se hizo la mejor televisi\u00f3n, pero s\u00ed la m\u00e1s independiente, para cabreo de muchos, gobierno y oposici\u00f3n. Ahora tendr\u00e1n que opinar otros\u201d.<\/p>\n<p>Con respecto a la funci\u00f3n que debe desempe\u00f1ar la televisi\u00f3n p\u00fablica en relaci\u00f3n a las cadenas privadas, la periodista afirma que es algo que ya est\u00e1 inventado, porque primero existieron los medios p\u00fablicos y despu\u00e9s los privados, hace menos de 30 a\u00f1os. En su opini\u00f3n, la funci\u00f3n p\u00fablica de los medios es atender las necesidades, ya sea en materia informativa, de entretenimiento y de formaci\u00f3n que tienen los ciudadanos. Por lo tanto, deben atender a una capa amplia de poblaci\u00f3n, por lo que deber\u00eda ser un ente plural que recoja la diversidad de opiniones, gustos, informaciones \u201cy que con una mirada lo m\u00e1s equidistante y limpia posible act\u00fae como intermediario entre las cosas que pasan y el ciudadano\u201d.<\/p>\n<p>Por otro lado, ha explicado que la manipulaci\u00f3n informativa es el grado m\u00e1ximo del control, que se produce cuando existe un dise\u00f1o previo a trav\u00e9s de c\u00f3mo ofrecer la informaci\u00f3n o no para tratar de conseguir unos resultados determinados. En su opini\u00f3n, los tiempos han cambiado, por lo tanto la sociedad ha ganado en madurez y tiene otras percepciones. Los medios p\u00fablicos tienen una trayectoria ya de casi de 60 a\u00f1os de emisiones, por lo tanto no podemos hablar de la misma televisi\u00f3n de los a\u00f1os 50 o 60. \u201cM\u00e1s bien lo dir\u00eda al rev\u00e9s. La televisi\u00f3n del \u00faltimo periodo es menos disidente y molesta para los partidos pol\u00edticos, m\u00e1s ajustada al reparto de tiempos pol\u00edticos, mientras que venimos de un periodo donde el pluralismo social, que no tiene nada que ver con el pluralismo pol\u00edtico, era muy tenido en cuenta\u201d, seg\u00fan G\u00f3mez Montano.<\/p>\n<p>En relaci\u00f3n a la informaci\u00f3n sobre la Casa Real, la periodista sostiene que todo el mundo la trata con mucho cuidado, primeramente por un ejercicio de responsabilidad. \u201cCuando se hace da\u00f1o al no informar correctamente, la rectificaci\u00f3n no lo arregla todo, puesto que hay una parte que ya es irrecuperable. Por lo tanto, en las informaciones que afectan a la Jefatura del Estado tienes que tener un cuidado extra, puesto que cuando menos errores y m\u00e1s prudente seas mejor. En este momento, pienso que lo que m\u00e1s puede beneficiar la Casa Real es la transparencia. Las palabras del Rey cuando dijo que se equivoc\u00f3 y no volver\u00eda a suceder, solucionaron muchos m\u00e1s entuertos que largos discursos o filtraciones a periodistas para que luego lo cuelen en sus diferentes medios\u201d, ha finalizado.<\/p>\n","protected":false},"excerpt":{"rendered":"<p>Alicia G\u00f3mez Montano, periodista y ex directora del programa \u2018Informe semanal\u2019 de Televisi\u00f3n Espa\u00f1ola, ha asegurado hoy que afirma TVE tiene una larga historia de tutela pol\u00edtica, ya que estuvo vinculada en origen a la dictadura franquista. \u201cSin embargo, al llegar la democracia entramos en un r\u00e9gimen de libertades, pero como en aquel momento ten\u00edamos otras urgencias, seguimos depositando en el poder pol\u00edtico el caudal y el control de los medios p\u00fablicos, de tal manera que pasamos de la tutela de un r\u00e9gimen autoritario a una tutela democr\u00e1tica\u201d.<\/p>\n","protected":false},"author":6,"featured_media":1174598,"comment_status":"closed","ping_status":"open","sticky":false,"template":"","format":"standard","meta":{"_acf_changed":false,"_monsterinsights_skip_tracking":false,"footnotes":""},"categories":[729],"tags":[23,141,22,687],"class_list":["post-1174596","post","type-post","status-publish","format-standard","has-post-thumbnail","hentry","category-cursos-verano","tag-carmona","tag-curso","tag-cursos-de-verano","tag-periodismo"],"acf":[],"_links":{"self":[{"href":"https:\/\/www.upo.es\/diario\/wp-json\/wp\/v2\/posts\/1174596","targetHints":{"allow":["GET"]}}],"collection":[{"href":"https:\/\/www.upo.es\/diario\/wp-json\/wp\/v2\/posts"}],"about":[{"href":"https:\/\/www.upo.es\/diario\/wp-json\/wp\/v2\/types\/post"}],"author":[{"embeddable":true,"href":"https:\/\/www.upo.es\/diario\/wp-json\/wp\/v2\/users\/6"}],"replies":[{"embeddable":true,"href":"https:\/\/www.upo.es\/diario\/wp-json\/wp\/v2\/comments?post=1174596"}],"version-history":[{"count":3,"href":"https:\/\/www.upo.es\/diario\/wp-json\/wp\/v2\/posts\/1174596\/revisions"}],"predecessor-version":[{"id":1174601,"href":"https:\/\/www.upo.es\/diario\/wp-json\/wp\/v2\/posts\/1174596\/revisions\/1174601"}],"wp:featuredmedia":[{"embeddable":true,"href":"https:\/\/www.upo.es\/diario\/wp-json\/wp\/v2\/media\/1174598"}],"wp:attachment":[{"href":"https:\/\/www.upo.es\/diario\/wp-json\/wp\/v2\/media?parent=1174596"}],"wp:term":[{"taxonomy":"category","embeddable":true,"href":"https:\/\/www.upo.es\/diario\/wp-json\/wp\/v2\/categories?post=1174596"},{"taxonomy":"post_tag","embeddable":true,"href":"https:\/\/www.upo.es\/diario\/wp-json\/wp\/v2\/tags?post=1174596"}],"curies":[{"name":"wp","href":"https:\/\/api.w.org\/{rel}","templated":true}]}}