{"id":11759391,"date":"2016-01-14T11:32:26","date_gmt":"2016-01-14T11:32:26","guid":{"rendered":"https:\/\/www.upo.es\/diario\/?p=11759391"},"modified":"2016-01-14T11:32:26","modified_gmt":"2016-01-14T11:32:26","slug":"sobresaliente-para-la-tesis-derechos-humanos-y-desarrollo-local-en-la-ciudad-de-rafaela-santa-fe-argentina","status":"publish","type":"post","link":"https:\/\/www.upo.es\/diario\/tesis\/2016\/01\/sobresaliente-para-la-tesis-derechos-humanos-y-desarrollo-local-en-la-ciudad-de-rafaela-santa-fe-argentina\/","title":{"rendered":"Sobresaliente para la tesis \u201cDerechos Humanos y desarrollo local en la ciudad de Rafaela, Santa Fe, Argentina\u201d"},"content":{"rendered":"<p>El pasado viernes tuvo lugar en la sala de tesis del edificio 45 la defensa p\u00fablica de la tesis doctoral titulada \u201cDerechos Humanos y desarrollo local en la ciudad de Rafaela, Santa Fe, Argentina\u201d, de la que es autor Jes\u00fas Delgado Baena. Esta tesis doctoral, dirigida por los profesores Jes\u00fas Abell\u00e1n Mu\u00f1oz de la Universidad Internacional de Andaluc\u00eda y Justo Cu\u00f1o Bonito de la Universidad Pablo de Olavide, ha obtenido la calificaci\u00f3n de Sobresaliente y la menci\u00f3n de Doctor Europeo.<\/p>\n","protected":false},"excerpt":{"rendered":"<p>El pasado viernes tuvo lugar en la sala de tesis del edificio 45 la defensa p\u00fablica de la tesis doctoral titulada \u201cDerechos Humanos y desarrollo local en la ciudad de Rafaela, Santa Fe, Argentina\u201d, de la que es autor Jes\u00fas Delgado Baena. Esta tesis doctoral, dirigida por los profesores Jes\u00fas Abell\u00e1n Mu\u00f1oz de la Universidad Internacional de Andaluc\u00eda y Justo Cu\u00f1o Bonito de la Universidad Pablo de Olavide, ha obtenido la calificaci\u00f3n de Sobresaliente y la menci\u00f3n de Doctor Europeo. <\/p>\n","protected":false},"author":5,"featured_media":0,"comment_status":"closed","ping_status":"open","sticky":false,"template":"","format":"standard","meta":{"_monsterinsights_skip_tracking":false,"_monsterinsights_sitenote_active":false,"_monsterinsights_sitenote_note":"","_monsterinsights_sitenote_category":0,"footnotes":""},"categories":[119],"tags":[876,92,2924,150,2923,867],"class_list":["post-11759391","post","type-post","status-publish","format-standard","hentry","category-tesis","tag-argentina","tag-derechos-humanos","tag-desarrollo-local","tag-historia","tag-rafaela","tag-santa-fe"],"_links":{"self":[{"href":"https:\/\/www.upo.es\/diario\/wp-json\/wp\/v2\/posts\/11759391","targetHints":{"allow":["GET"]}}],"collection":[{"href":"https:\/\/www.upo.es\/diario\/wp-json\/wp\/v2\/posts"}],"about":[{"href":"https:\/\/www.upo.es\/diario\/wp-json\/wp\/v2\/types\/post"}],"author":[{"embeddable":true,"href":"https:\/\/www.upo.es\/diario\/wp-json\/wp\/v2\/users\/5"}],"replies":[{"embeddable":true,"href":"https:\/\/www.upo.es\/diario\/wp-json\/wp\/v2\/comments?post=11759391"}],"version-history":[{"count":1,"href":"https:\/\/www.upo.es\/diario\/wp-json\/wp\/v2\/posts\/11759391\/revisions"}],"predecessor-version":[{"id":11759392,"href":"https:\/\/www.upo.es\/diario\/wp-json\/wp\/v2\/posts\/11759391\/revisions\/11759392"}],"wp:attachment":[{"href":"https:\/\/www.upo.es\/diario\/wp-json\/wp\/v2\/media?parent=11759391"}],"wp:term":[{"taxonomy":"category","embeddable":true,"href":"https:\/\/www.upo.es\/diario\/wp-json\/wp\/v2\/categories?post=11759391"},{"taxonomy":"post_tag","embeddable":true,"href":"https:\/\/www.upo.es\/diario\/wp-json\/wp\/v2\/tags?post=11759391"}],"curies":[{"name":"wp","href":"https:\/\/api.w.org\/{rel}","templated":true}]}}