{"id":11759876,"date":"2016-01-15T01:00:28","date_gmt":"2016-01-15T01:00:28","guid":{"rendered":"https:\/\/www.upo.es\/diario\/?p=11759876"},"modified":"2016-01-15T12:02:22","modified_gmt":"2016-01-15T12:02:22","slug":"manana-en-la-upo-seminario-sobre-los-vinculos-entre-la-economia-feminista-y-la-soberania-alimentaria","status":"publish","type":"post","link":"https:\/\/www.upo.es\/diario\/institucional\/2016\/01\/manana-en-la-upo-seminario-sobre-los-vinculos-entre-la-economia-feminista-y-la-soberania-alimentaria\/","title":{"rendered":"Seminario sobre los v\u00ednculos entre la econom\u00eda feminista y la soberan\u00eda alimentaria en Andaluc\u00eda"},"content":{"rendered":"<figure id=\"attachment_11771830\" aria-describedby=\"caption-attachment-11771830\" style=\"width: 600px\" class=\"wp-caption aligncenter\"><a href=\"https:\/\/www.upo.es\/diario\/wp-content\/uploads\/2016\/01\/Victoria-Coronado_150116.jpg\"><img loading=\"lazy\" decoding=\"async\" class=\"size-large wp-image-11771830\" alt=\"Victoria Coronado, segunda por la izquierda, durante el seminario\" src=\"https:\/\/www.upo.es\/diario\/wp-content\/uploads\/2016\/01\/Victoria-Coronado_150116-600x338.jpg\" width=\"600\" height=\"338\" srcset=\"https:\/\/www.upo.es\/diario\/wp-content\/uploads\/2016\/01\/Victoria-Coronado_150116-600x338.jpg 600w, https:\/\/www.upo.es\/diario\/wp-content\/uploads\/2016\/01\/Victoria-Coronado_150116-320x180.jpg 320w\" sizes=\"auto, (max-width: 600px) 100vw, 600px\" \/><\/a><figcaption id=\"caption-attachment-11771830\" class=\"wp-caption-text\">Victoria Coronado, segunda por la izquierda, durante el seminario<\/figcaption><\/figure>\n<p><b>Victoria Coronado Ruiz<\/b>\u00a0ha impartido hoy, en el edificio 44 de la Universidad Pablo de Olavide,\u00a0el <b>seminario \u201c\u00bfYo me lo guiso, yo me lo como? V\u00ednculos entre la econom\u00eda feminista y la soberan\u00eda alimentaria para el caso de Andaluc\u00eda\u201d<\/b>.<\/p>\n<p>Con formaci\u00f3n en Sociolog\u00eda y Econom\u00eda, especializada en G\u00e9nero y Medio Ambiente, <b>Victoria Coronado Ruiz<\/b> realiza actualmente la tesis doctoral sobre soberan\u00eda alimentaria en Andaluc\u00eda desde la perspectiva de la Econom\u00eda Feminista, en el marco del Programa de Postgrado de Ciencias Sociales \u201cG\u00e9nero e Igualdad\u201d de la Universidad Pablo de Olavide. Alterna esta actividad acad\u00e9mica con trabajos como docente en materia de g\u00e9nero y como instructora de yoga.<\/p>\n<p>Esta actividad, abierta a toda la comunidad universitaria y p\u00fablico interesado, se ha celebrado en el marco del Seminario Permanente del Observatorio GEP&amp;Do de G\u00e9nero, Econom\u00eda, Pol\u00edtica y Desarrollo, en coordinaci\u00f3n con el grupo de investigaci\u00f3n EcoEcoFem (Econom\u00eda Ecol\u00f3gica, Feminista y Desarrollo) de la Universidad Pablo de Olavide.<\/p>\n<p>El <a href=\"http:\/\/genderobservatory.com\/\"><b>Observatorio de G\u00e9nero sobre Econom\u00eda, Pol\u00edtica y Desarrollo<\/b><\/a> (GEP&amp;DO) nace como espacio para la investigaci\u00f3n, la reflexi\u00f3n cr\u00edtica y el intercambio de conocimientos y saberes sobre igualdad de g\u00e9nero. Asimismo, persigue impulsar el trabajo en red para la generaci\u00f3n de marcos y propuestas de acci\u00f3n en este \u00e1mbito. Conformado por investigadoras y docentes con diferentes trayectorias profesionales, el Observatorio pretende alimentar los debates actuales sobre econom\u00eda, pol\u00edticas p\u00fablicas y desarrollo desde una perspectiva feminista. Igualmente, tiene como finalidad contribuir al trabajo pro igualdad de g\u00e9nero a trav\u00e9s de la colaboraci\u00f3n con organizaciones de la sociedad civil e instituciones p\u00fablicas tanto a escala local y regional como nacional e internacional.<\/p>\n","protected":false},"excerpt":{"rendered":"<p>Victoria Coronado Ruiz ha impartido hoy, en el edificio 44 de la Universidad Pablo de Olavide, el seminario \u201c\u00bfYo me lo guiso, yo me lo como? V\u00ednculos entre la econom\u00eda feminista y la soberan\u00eda alimentaria para el caso de Andaluc\u00eda\u201d.<\/p>\n","protected":false},"author":2,"featured_media":0,"comment_status":"closed","ping_status":"open","sticky":false,"template":"","format":"standard","meta":{"_monsterinsights_skip_tracking":false,"_monsterinsights_sitenote_active":false,"_monsterinsights_sitenote_note":"","_monsterinsights_sitenote_category":0,"footnotes":""},"categories":[6],"tags":[674,190,973,2733,2928,890,336,517,429,2929,82,78,104],"class_list":["post-11759876","post","type-post","status-publish","format-standard","hentry","category-institucional","tag-alimentacion","tag-andalucia","tag-doctorado","tag-ecoecofem","tag-eonomia","tag-feminismo","tag-genero","tag-igualdad","tag-medio-ambiente","tag-observatorio-gepdo","tag-postgrado","tag-seminario","tag-sociologia"],"_links":{"self":[{"href":"https:\/\/www.upo.es\/diario\/wp-json\/wp\/v2\/posts\/11759876","targetHints":{"allow":["GET"]}}],"collection":[{"href":"https:\/\/www.upo.es\/diario\/wp-json\/wp\/v2\/posts"}],"about":[{"href":"https:\/\/www.upo.es\/diario\/wp-json\/wp\/v2\/types\/post"}],"author":[{"embeddable":true,"href":"https:\/\/www.upo.es\/diario\/wp-json\/wp\/v2\/users\/2"}],"replies":[{"embeddable":true,"href":"https:\/\/www.upo.es\/diario\/wp-json\/wp\/v2\/comments?post=11759876"}],"version-history":[{"count":5,"href":"https:\/\/www.upo.es\/diario\/wp-json\/wp\/v2\/posts\/11759876\/revisions"}],"predecessor-version":[{"id":11771833,"href":"https:\/\/www.upo.es\/diario\/wp-json\/wp\/v2\/posts\/11759876\/revisions\/11771833"}],"wp:attachment":[{"href":"https:\/\/www.upo.es\/diario\/wp-json\/wp\/v2\/media?parent=11759876"}],"wp:term":[{"taxonomy":"category","embeddable":true,"href":"https:\/\/www.upo.es\/diario\/wp-json\/wp\/v2\/categories?post=11759876"},{"taxonomy":"post_tag","embeddable":true,"href":"https:\/\/www.upo.es\/diario\/wp-json\/wp\/v2\/tags?post=11759876"}],"curies":[{"name":"wp","href":"https:\/\/api.w.org\/{rel}","templated":true}]}}